{"id":3374,"date":"2019-03-19T10:31:13","date_gmt":"2019-03-19T09:31:13","guid":{"rendered":"http:\/\/guineechrono.com\/?p=3374"},"modified":"2019-03-19T10:31:13","modified_gmt":"2019-03-19T09:31:13","slug":"necrologie-le-secretaire-general-du-ministere-de-la-justice-nest-plus-communique","status":"publish","type":"post","link":"https:\/\/guineechrono.com\/index.php\/necrologie-le-secretaire-general-du-ministere-de-la-justice-nest-plus-communique\/","title":{"rendered":"N\u00e9crologie : le secr\u00e9taire g\u00e9n\u00e9ral du minist\u00e8re de la justice n\u2019est plus!  (Communiqu\u00e9)"},"content":{"rendered":"<p>Le Minist\u00e8re de la Justice a le profond regret d\u2019annoncer \u00e0 l\u2019opinion nationale et internationale, le d\u00e9c\u00e8s de Monsieur Moussa KOUROUMA, survenu ce lundi 18 Mars 2019 \u00e0 l\u2019h\u00f4pital Ignace D\u00e9en des suites de maladies.<\/p>\n<p>Monsieur Moussa KOUROUMA, Magistrat, \u00e9tait le secr\u00e9taire General du Minist\u00e8re de la Justice.<\/p>\n<p>Les c\u00e9r\u00e9monies fun\u00e9raires feront l\u2019objet d\u2019un communiqu\u00e9.<\/p>\n<p>Le Minist\u00e8re de la Justice et l\u2019ensemble du personnel judiciaire, pr\u00e9sentent\u00a0 leurs condol\u00e9ances les plus attrist\u00e9es \u00e0 la Famille du d\u00e9funt ainsi qu\u2019au peuple de Guin\u00e9e.<\/p>\n<p>Paix \u00e0 son \u00e2me !<\/p>\n<p>Amen\u00a0!<\/p>\n<p><strong style=\"font-style: inherit;\">Fait \u00e0 Conakry le 18 Mars 2019<\/strong><strong>\u00a0<\/strong><\/p>\n<p><strong>LE MINISTRE<\/strong><strong style=\"font-style: inherit;\">\u00a0<\/strong><\/p>\n<p><strong style=\"font-style: inherit;\">Cheick SAKO\u00a0\u00a0<\/strong><\/p>\n","protected":false},"excerpt":{"rendered":"<p>Le Minist\u00e8re de la Justice a le profond regret d\u2019annoncer \u00e0 l\u2019opinion nationale et internationale, le d\u00e9c\u00e8s de Monsieur Moussa KOUROUMA, survenu ce lundi 18 Mars 2019 \u00e0 l\u2019h\u00f4pital Ignace D\u00e9en des suites de maladies. Monsieur Moussa KOUROUMA, Magistrat, \u00e9tait le secr\u00e9taire General du Minist\u00e8re de la Justice. Les c\u00e9r\u00e9monies fun\u00e9raires feront l\u2019objet d\u2019un communiqu\u00e9. [&hellip;]<\/p>\n","protected":false},"author":2,"featured_media":3375,"comment_status":"open","ping_status":"closed","sticky":false,"template":"","format":"standard","meta":{"buzzeditor_post_format":"","footnotes":""},"categories":[1],"tags":[],"class_list":["post-3374","post","type-post","status-publish","format-standard","has-post-thumbnail","hentry","category-non-classe"],"jetpack_featured_media_url":"https:\/\/guineechrono.com\/wp-content\/uploads\/2019\/03\/justice.jpg","amp_enabled":true,"_links":{"self":[{"href":"https:\/\/guineechrono.com\/index.php\/wp-json\/wp\/v2\/posts\/3374","targetHints":{"allow":["GET"]}}],"collection":[{"href":"https:\/\/guineechrono.com\/index.php\/wp-json\/wp\/v2\/posts"}],"about":[{"href":"https:\/\/guineechrono.com\/index.php\/wp-json\/wp\/v2\/types\/post"}],"author":[{"embeddable":true,"href":"https:\/\/guineechrono.com\/index.php\/wp-json\/wp\/v2\/users\/2"}],"replies":[{"embeddable":true,"href":"https:\/\/guineechrono.com\/index.php\/wp-json\/wp\/v2\/comments?post=3374"}],"version-history":[{"count":0,"href":"https:\/\/guineechrono.com\/index.php\/wp-json\/wp\/v2\/posts\/3374\/revisions"}],"wp:featuredmedia":[{"embeddable":true,"href":"https:\/\/guineechrono.com\/index.php\/wp-json\/wp\/v2\/media\/3375"}],"wp:attachment":[{"href":"https:\/\/guineechrono.com\/index.php\/wp-json\/wp\/v2\/media?parent=3374"}],"wp:term":[{"taxonomy":"category","embeddable":true,"href":"https:\/\/guineechrono.com\/index.php\/wp-json\/wp\/v2\/categories?post=3374"},{"taxonomy":"post_tag","embeddable":true,"href":"https:\/\/guineechrono.com\/index.php\/wp-json\/wp\/v2\/tags?post=3374"}],"curies":[{"name":"wp","href":"https:\/\/api.w.org\/{rel}","templated":true}]}}