{"id":3377,"date":"2019-03-19T10:55:33","date_gmt":"2019-03-19T09:55:33","guid":{"rendered":"http:\/\/guineechrono.com\/?p=3377"},"modified":"2020-05-19T16:34:42","modified_gmt":"2020-05-19T15:34:42","slug":"algerie-bouteflika-confirme-quil-restera-president-pendant-la-transition","status":"publish","type":"post","link":"https:\/\/guineechrono.com\/index.php\/algerie-bouteflika-confirme-quil-restera-president-pendant-la-transition\/","title":{"rendered":"Alg\u00e9rie: Bouteflika confirme qu&rsquo;il restera pr\u00e9sident pendant la transition"},"content":{"rendered":"<p><strong>En Alg\u00e9rie, la mobilisation se poursuit. Dans une lettre \u00e0 la nation publi\u00e9e lundi 18 mars dans la soir\u00e9e, le pr\u00e9sident Abdelaziz Bouteflika n\u2019a pas r\u00e9pondu \u00e0 la contestation. Il a, au contraire, confirm\u00e9 qu\u2019il resterait en poste jusqu\u2019\u00e0 la fin de la transition.<\/strong><\/p>\n<p>Dans cette lettre publi\u00e9e \u00e0 la veille de la f\u00eate de la Victoire, celle du 19 mars 1962, date de la signature des accords d\u2019Evian et du d\u00e9but du processus d\u2019ind\u00e9pendance de l\u2019Alg\u00e9rie, le pr\u00e9sident Abdelaziz Bouteflika \u00e9crit que la Conf\u00e9rence nationale sera charg\u00e9e de \u00ab\u00a0<em>renouveler les syst\u00e8mes politique, \u00e9conomique et social<\/em>\u00a0\u00bb du pays.<\/p>\n<p>Il s\u2019engage \u00e0 mener une transition harmonieuse d\u2019ici la fin de son parcours pr\u00e9sidentiel. Alors que son quatri\u00e8me mandat s\u2019ach\u00e8ve dans un mois et demi, le pr\u00e9sident confirme ainsi qu\u2019il restera au pouvoir pendant la transition.<\/p>\n<p>Le chef de l\u2019Etat ne r\u00e9pond pas aux demandes des manifestants, qui ont d\u00e9fil\u00e9 tr\u00e8s nombreux\u00a0<a href=\"http:\/\/www.rfi.fr\/emission\/20190316-algerie-mobilisation-poursuite-malgre-le-retrait-bouteflika\">dans tout le pays vendredi<\/a>, r\u00e9clamant son d\u00e9part ainsi que celui du syst\u00e8me politique.<\/p>\n<p>Dans la matin\u00e9e, le chef d\u2019\u00e9tat-major de l\u2019arm\u00e9e avait, lui, appel\u00e9 \u00e0 trouver des solutions \u00ab\u00a0<em>dans les plus brefs d\u00e9lais<\/em>\u00a0\u00bb pour sortir de la crise. Ahmed Gaid Salah, un proche d\u2019Abdelaziz Bouteflika, a par ailleurs salu\u00e9 le patriotisme et le civisme des Alg\u00e9riens qui manifestent dans le calme depuis un mois.<\/p>\n<p>Un message tr\u00e8s diff\u00e9rent de celui de la premi\u00e8re semaine de contestation o\u00f9 il d\u00e9non\u00e7ait des appels douteux qui poussaient les Alg\u00e9riens vers l\u2019inconnu.<\/p>\n<p>Pour une grande partie de la soci\u00e9t\u00e9 civile, la promesse du pr\u00e9sident de soumettre une nouvelle Constitution \u00e0 un r\u00e9f\u00e9rendum suite aux travaux de la conf\u00e9rence nationale n&rsquo;est pas suffisante. Une vingtaine d&rsquo;organisations de la soci\u00e9t\u00e9 civile a publi\u00e9 une feuille de route pour sortir de la crise. Cinq propositions parmi lesquelles la mise en place d&rsquo;un haut comit\u00e9 de transition, mais aussi l&rsquo;\u00e9lection d&rsquo;une assembl\u00e9e constituante pour \u00e9laborer la nouvelle Constitution.<\/p>\n<p><strong>rfi<\/strong><\/p>\n<p>&nbsp;<\/p>\n","protected":false},"excerpt":{"rendered":"<p>En Alg\u00e9rie, la mobilisation se poursuit. Dans une lettre \u00e0 la nation publi\u00e9e lundi 18 mars dans la soir\u00e9e, le pr\u00e9sident Abdelaziz Bouteflika n\u2019a pas r\u00e9pondu \u00e0 la contestation. Il a, au contraire, confirm\u00e9 qu\u2019il resterait en poste jusqu\u2019\u00e0 la fin de la transition. Dans cette lettre publi\u00e9e \u00e0 la veille de la f\u00eate de [&hellip;]<\/p>\n","protected":false},"author":2,"featured_media":3378,"comment_status":"open","ping_status":"closed","sticky":false,"template":"","format":"standard","meta":{"buzzeditor_post_format":"","footnotes":""},"categories":[1,43],"tags":[],"class_list":["post-3377","post","type-post","status-publish","format-standard","has-post-thumbnail","hentry","category-non-classe","category-politique"],"jetpack_featured_media_url":"https:\/\/guineechrono.com\/wp-content\/uploads\/2019\/03\/algerie2.jpg","amp_enabled":true,"_links":{"self":[{"href":"https:\/\/guineechrono.com\/index.php\/wp-json\/wp\/v2\/posts\/3377","targetHints":{"allow":["GET"]}}],"collection":[{"href":"https:\/\/guineechrono.com\/index.php\/wp-json\/wp\/v2\/posts"}],"about":[{"href":"https:\/\/guineechrono.com\/index.php\/wp-json\/wp\/v2\/types\/post"}],"author":[{"embeddable":true,"href":"https:\/\/guineechrono.com\/index.php\/wp-json\/wp\/v2\/users\/2"}],"replies":[{"embeddable":true,"href":"https:\/\/guineechrono.com\/index.php\/wp-json\/wp\/v2\/comments?post=3377"}],"version-history":[{"count":0,"href":"https:\/\/guineechrono.com\/index.php\/wp-json\/wp\/v2\/posts\/3377\/revisions"}],"wp:featuredmedia":[{"embeddable":true,"href":"https:\/\/guineechrono.com\/index.php\/wp-json\/wp\/v2\/media\/3378"}],"wp:attachment":[{"href":"https:\/\/guineechrono.com\/index.php\/wp-json\/wp\/v2\/media?parent=3377"}],"wp:term":[{"taxonomy":"category","embeddable":true,"href":"https:\/\/guineechrono.com\/index.php\/wp-json\/wp\/v2\/categories?post=3377"},{"taxonomy":"post_tag","embeddable":true,"href":"https:\/\/guineechrono.com\/index.php\/wp-json\/wp\/v2\/tags?post=3377"}],"curies":[{"name":"wp","href":"https:\/\/api.w.org\/{rel}","templated":true}]}}