{"id":33835,"date":"2024-09-12T00:14:55","date_gmt":"2024-09-11T23:14:55","guid":{"rendered":"https:\/\/guineechrono.com\/?p=33835"},"modified":"2024-09-12T00:14:55","modified_gmt":"2024-09-11T23:14:55","slug":"autonomisation-des-femmes-un-soutien-crucial-pour-les-entrepreneures-du-marche-niger","status":"publish","type":"post","link":"https:\/\/guineechrono.com\/index.php\/autonomisation-des-femmes-un-soutien-crucial-pour-les-entrepreneures-du-marche-niger\/","title":{"rendered":"Autonomisation des Femmes : Un Soutien Crucial pour les Entrepreneures du March\u00e9 Niger"},"content":{"rendered":"<p>L\u2019initiative vise \u00e0 aider les femmes disposant de ressources limit\u00e9es \u00e0 entreprendre, avec l\u2019autonomisation comme l\u2019une des priorit\u00e9s du Gouvernement de transition. La c\u00e9r\u00e9monie de ce mercredi s\u2019est tenue \u00e0 la Bleuzone de Kaloum. Toutes les 120 b\u00e9n\u00e9ficiaires de l\u2019Association des femmes entrepreneures du march\u00e9 Niger sont d\u00e9sormais enregistr\u00e9es au Registre du Commerce et du Cr\u00e9dit Mobilier (RCCM). C\u2019est un appui du Minist\u00e8re de la Promotion F\u00e9minine, de l\u2019Enfance et des Personnes Vuln\u00e9rables.<\/p>\n<p>Tr\u00e8s ravie de ce soutien, la pr\u00e9sidente des femmes du march\u00e9 de Niger, Mariama Soumah, a estim\u00e9 que soutenir les femmes entrepreneures contribue directement \u00e0 la croissance \u00e9conomique, \u00e0 la cr\u00e9ation d\u2019emplois et \u00e0 l\u2019innovation. \u00ab Nous disons merci \u00e0 ceux qui pensent et nous soutiennent pour que nous nous d\u00e9veloppions. Madame Fall et M. Kaloko qui nous ont donn\u00e9 la force d\u2019esp\u00e9rer et de lancer. Nous les remercions. Et \u00e9videmment le Pr\u00e9sident de la R\u00e9publique qui ne m\u00e9nage aucun effort pour l\u2019autonomisation des femmes. Avec ce RCCM, notre activit\u00e9 sera mieux organis\u00e9e et se d\u00e9veloppera \u00e0 travers la facilit\u00e9 d\u2019acc\u00e8s aux cr\u00e9dits et la formation \u00bb, a-t-elle mentionn\u00e9.<\/p>\n<p>Intervenant, la Coordinatrice de l\u2019Association des femmes entrepreneures du march\u00e9 Niger, Mme Adama Fall, a soulign\u00e9 que : \u00ab Ces RCCM donnent de la cr\u00e9dibilit\u00e9 \u00e0 ces femmes pour mieux d\u00e9velopper leurs activit\u00e9s. En prenant leur destin \u00e9conomique en main et en prenant la parole, ces femmes renforcent leur confiance et sont en mesure de se positionner comme leaders dans leurs communaut\u00e9s. D\u2019o\u00f9 la n\u00e9cessit\u00e9 de les encadrer et de les soutenir. Je lance un appel \u00e0 toutes ces femmes du march\u00e9 Niger de nous rejoindre dans cette plateforme pour pouvoir les booster \u00e0 l\u2019entrepreneuriat. Par la suite, nous remercions le pr\u00e9sident de la R\u00e9publique, le G\u00e9n\u00e9ral Mamadi Doumbouya, pour ses nombreux appuis en faveur des femmes et nous sollicitons encore ses soutiens (\u2026). \u00bb<\/p>\n<p>Sur le m\u00eame lanc\u00e9, le parrain de l\u2019Association Mohamed Lamine Kaloko a annonc\u00e9 que cette initiative s\u2019\u00e9tendra \u00e0 d\u2019autres march\u00e9s de la capitale Conakry. \u00ab C\u2019est en encourageant les filles et les femmes \u00e0 se lancer dans l\u2019entrepreneuriat que nous pouvons contribuer \u00e0 l\u2019\u00e9rosion des st\u00e9r\u00e9otypes de genre. Pour ce d\u00e9part, avec les femmes du march\u00e9 Niger, c\u2019est un groupement de 600 femmes qui s\u2019est constitu\u00e9 pour cr\u00e9er des entreprises. Nous avons dans un premier temps fait b\u00e9n\u00e9ficier une formation \u00e0 120 d\u2019entre elles, qui ont obtenu une bourse de formation de 6 mois en langue nationale sur la gestion du capital. Cette formation a \u00e9t\u00e9 sanctionn\u00e9e par la remise des attestations aux participantes. Ensuite, nous avons sensibilis\u00e9 ces derni\u00e8res \u00e0 se formaliser, \u00e0 cr\u00e9er leurs propres entreprises. Parce qu\u2019on se dit que l\u2019entrepreneuriat passe avant tout par la formalisation \u00bb, a-t-il pr\u00e9cis\u00e9.<\/p>\n<p>Puis d\u2019encha\u00eener : \u00ab Pour que l\u2019\u00c9tat puisse venir en aide \u00e0 un entrepreneur, la premi\u00e8re condition est que l\u2019entrepreneur soit formalis\u00e9. C\u2019est l\u2019occasion pour nous de f\u00e9liciter celles qui ont eu le courage de se formaliser et de remercier les autorit\u00e9s qui accompagnent ces groupements de femmes. L\u2019entrepreneuriat f\u00e9minin est avant tout le socle du d\u00e9veloppement local, mais c\u2019est aussi le socle du d\u00e9veloppement, je dirais m\u00eame du pays. Qui accompagne une femme entrepreneure aujourd\u2019hui, accompagne toute une famille. Il accompagne l\u2019\u00e9ducation, la sant\u00e9\u2026 Nous lan\u00e7ons un appel aux autorit\u00e9s pour soutenir les femmes entrepreneures du March\u00e9 Niger afin qu\u2019elles puissent b\u00e9n\u00e9ficier des subventions de l\u2019\u00c9tat \u00bb, a-t-il conclu.<\/p>\n<p><strong>Alpha Soumah<\/strong><\/p>\n","protected":false},"excerpt":{"rendered":"<p>L\u2019initiative vise \u00e0 aider les femmes disposant de ressources limit\u00e9es \u00e0 entreprendre, avec l\u2019autonomisation comme l\u2019une des priorit\u00e9s du Gouvernement de transition. La c\u00e9r\u00e9monie de ce mercredi s\u2019est tenue \u00e0 la Bleuzone de Kaloum. Toutes les 120 b\u00e9n\u00e9ficiaires de l\u2019Association des femmes entrepreneures du march\u00e9 Niger sont d\u00e9sormais enregistr\u00e9es au Registre du Commerce et du [&hellip;]<\/p>\n","protected":false},"author":2,"featured_media":33836,"comment_status":"open","ping_status":"closed","sticky":false,"template":"","format":"standard","meta":{"buzzeditor_post_format":"","footnotes":""},"categories":[42],"tags":[],"class_list":["post-33835","post","type-post","status-publish","format-standard","has-post-thumbnail","hentry","category-news"],"jetpack_featured_media_url":"https:\/\/guineechrono.com\/wp-content\/uploads\/2024\/09\/femmes.jpg","amp_enabled":true,"_links":{"self":[{"href":"https:\/\/guineechrono.com\/index.php\/wp-json\/wp\/v2\/posts\/33835","targetHints":{"allow":["GET"]}}],"collection":[{"href":"https:\/\/guineechrono.com\/index.php\/wp-json\/wp\/v2\/posts"}],"about":[{"href":"https:\/\/guineechrono.com\/index.php\/wp-json\/wp\/v2\/types\/post"}],"author":[{"embeddable":true,"href":"https:\/\/guineechrono.com\/index.php\/wp-json\/wp\/v2\/users\/2"}],"replies":[{"embeddable":true,"href":"https:\/\/guineechrono.com\/index.php\/wp-json\/wp\/v2\/comments?post=33835"}],"version-history":[{"count":1,"href":"https:\/\/guineechrono.com\/index.php\/wp-json\/wp\/v2\/posts\/33835\/revisions"}],"predecessor-version":[{"id":33837,"href":"https:\/\/guineechrono.com\/index.php\/wp-json\/wp\/v2\/posts\/33835\/revisions\/33837"}],"wp:featuredmedia":[{"embeddable":true,"href":"https:\/\/guineechrono.com\/index.php\/wp-json\/wp\/v2\/media\/33836"}],"wp:attachment":[{"href":"https:\/\/guineechrono.com\/index.php\/wp-json\/wp\/v2\/media?parent=33835"}],"wp:term":[{"taxonomy":"category","embeddable":true,"href":"https:\/\/guineechrono.com\/index.php\/wp-json\/wp\/v2\/categories?post=33835"},{"taxonomy":"post_tag","embeddable":true,"href":"https:\/\/guineechrono.com\/index.php\/wp-json\/wp\/v2\/tags?post=33835"}],"curies":[{"name":"wp","href":"https:\/\/api.w.org\/{rel}","templated":true}]}}