{"id":34081,"date":"2024-10-15T19:55:53","date_gmt":"2024-10-15T18:55:53","guid":{"rendered":"https:\/\/guineechrono.com\/?p=34081"},"modified":"2024-10-15T19:55:53","modified_gmt":"2024-10-15T18:55:53","slug":"nzerekore-des-jeunes-manifestent-contre-le-manque-de-courant","status":"publish","type":"post","link":"https:\/\/guineechrono.com\/index.php\/nzerekore-des-jeunes-manifestent-contre-le-manque-de-courant\/","title":{"rendered":"N\u2019z\u00e9r\u00e9kor\u00e9 : des jeunes manifestent contre le manque de courant"},"content":{"rendered":"<p><strong>Des jeunes de Boma, un secteur de la commune rurale de Samo\u00e9, ont battu le pav\u00e9 \u00a0ce mardi 15 octobre 2024 en mettant des barricades, sur la nationale N\u2019z\u00e9r\u00e9kor\u00e9-Macenta. <\/strong><\/p>\n<p>Selon nos informations, ces jeunes tr\u00e8s en col\u00e8re protestent contre le manque de courant dans leur secteur depuis septembre dernier. Une protestation qui a paralys\u00e9e le trafic routier des v\u00e9hicules qui bougent de N\u2019z\u00e9r\u00e9kor\u00e9 pour Conakry.<\/p>\n<p>\u00ab La fois derni\u00e8re, quand nous sommes all\u00e9s voir les autorit\u00e9s \u00e0 savoir le maire et le sous-pr\u00e9fet, ils nous ont dit que le ministre avait d\u00e9j\u00e0 sign\u00e9 le l\u2019ordre de mission de l\u2019\u00e9quipe qui doit acheminer le transformateur \u00e0 N\u2019z\u00e9r\u00e9kor\u00e9. Depuis, on ne voit pas le transformateur et on a aucune suite. C\u2019est ainsi que nous sommes sortis ce matin, sans violence, ni incendie de pneus. Une fa\u00e7on pour nous de les appeler (autorit\u00e9s), \u00e0 n\u00e9gocier avec nous \u00bb, explique Daniel Foromo Nyanbalamou, un des jeunes manifestants chez nos confr\u00e8res de letengue.com.<\/p>\n<p>Quelques heures apr\u00e8s, une altercation a eu lieu entre les forces de l\u2019ordre qui ont fait usage du gaz lacrymog\u00e8ne. Une intervention qui s\u2019est sold\u00e9e par l\u2019interpellation de 3 jeunes manifestants.<\/p>\n","protected":false},"excerpt":{"rendered":"<p>Des jeunes de Boma, un secteur de la commune rurale de Samo\u00e9, ont battu le pav\u00e9 \u00a0ce mardi 15 octobre 2024 en mettant des barricades, sur la nationale N\u2019z\u00e9r\u00e9kor\u00e9-Macenta. Selon nos informations, ces jeunes tr\u00e8s en col\u00e8re protestent contre le manque de courant dans leur secteur depuis septembre dernier. Une protestation qui a paralys\u00e9e le [&hellip;]<\/p>\n","protected":false},"author":2,"featured_media":34082,"comment_status":"open","ping_status":"closed","sticky":false,"template":"","format":"standard","meta":{"buzzeditor_post_format":"","footnotes":""},"categories":[42],"tags":[],"class_list":["post-34081","post","type-post","status-publish","format-standard","has-post-thumbnail","hentry","category-news"],"jetpack_featured_media_url":"https:\/\/guineechrono.com\/wp-content\/uploads\/2024\/10\/demande-du-courant.jpg","amp_enabled":true,"_links":{"self":[{"href":"https:\/\/guineechrono.com\/index.php\/wp-json\/wp\/v2\/posts\/34081","targetHints":{"allow":["GET"]}}],"collection":[{"href":"https:\/\/guineechrono.com\/index.php\/wp-json\/wp\/v2\/posts"}],"about":[{"href":"https:\/\/guineechrono.com\/index.php\/wp-json\/wp\/v2\/types\/post"}],"author":[{"embeddable":true,"href":"https:\/\/guineechrono.com\/index.php\/wp-json\/wp\/v2\/users\/2"}],"replies":[{"embeddable":true,"href":"https:\/\/guineechrono.com\/index.php\/wp-json\/wp\/v2\/comments?post=34081"}],"version-history":[{"count":1,"href":"https:\/\/guineechrono.com\/index.php\/wp-json\/wp\/v2\/posts\/34081\/revisions"}],"predecessor-version":[{"id":34083,"href":"https:\/\/guineechrono.com\/index.php\/wp-json\/wp\/v2\/posts\/34081\/revisions\/34083"}],"wp:featuredmedia":[{"embeddable":true,"href":"https:\/\/guineechrono.com\/index.php\/wp-json\/wp\/v2\/media\/34082"}],"wp:attachment":[{"href":"https:\/\/guineechrono.com\/index.php\/wp-json\/wp\/v2\/media?parent=34081"}],"wp:term":[{"taxonomy":"category","embeddable":true,"href":"https:\/\/guineechrono.com\/index.php\/wp-json\/wp\/v2\/categories?post=34081"},{"taxonomy":"post_tag","embeddable":true,"href":"https:\/\/guineechrono.com\/index.php\/wp-json\/wp\/v2\/tags?post=34081"}],"curies":[{"name":"wp","href":"https:\/\/api.w.org\/{rel}","templated":true}]}}