{"id":34097,"date":"2024-10-16T13:00:29","date_gmt":"2024-10-16T12:00:29","guid":{"rendered":"https:\/\/guineechrono.com\/?p=34097"},"modified":"2024-10-16T13:00:29","modified_gmt":"2024-10-16T12:00:29","slug":"le-nonagenaire-biya-tres-affaibli-les-camerounais-sur-le-qui-vive","status":"publish","type":"post","link":"https:\/\/guineechrono.com\/index.php\/le-nonagenaire-biya-tres-affaibli-les-camerounais-sur-le-qui-vive\/","title":{"rendered":"Le nonag\u00e9naire Biya tr\u00e8s affaibli: les camerounais sur le qui-vive?"},"content":{"rendered":"<p><strong>Le 13 octobre, des militants du parti au pouvoir et d\u2019organisations de jeunesse s\u2019\u00e9taient mobilis\u00e9s en toute discr\u00e9tion pour accueillir Paul Biya \u00e0 l\u2019a\u00e9roport.<\/strong><\/p>\n<p><strong>\u00a0<\/strong><\/p>\n<p>Mais au bout de quelques heures, ils ont d\u00e9chant\u00e9 : le retour attendu du chef de l\u2019\u00c9tat \u00e0 Yaound\u00e9 n\u2019a pas eu lieu.<\/p>\n<p>Un \u00e9v\u00e9nement qui vient encore accentuer les doutes sur son \u00e9tat de sant\u00e9, tandis que plusieurs personnalit\u00e9s ont \u00e9t\u00e9 appel\u00e9es \u00e0 Gen\u00e8ve, et que les craintes des march\u00e9s financiers se renforcent.<\/p>\n<p>Et les rumeurs vont bon train : pour certains, Paul Biya serait hospitalis\u00e9 depuis au moins deux semaines dans un pavillon VIP ultra-s\u00e9curis\u00e9 de l\u2019h\u00f4pital militaire Percy, \u00e0 Clamart, pr\u00e8s de Paris. Une information vite d\u00e9mentie par l\u2019ambassade du Cameroun \u00e0 Paris. Mais ce n\u2019est pas la seule rumeur : une t\u00e9l\u00e9vision proche des s\u00e9paratistes ambazoniens a m\u00eame annonc\u00e9 son d\u00e9c\u00e8s!<\/p>\n<p>https:\/\/l.jeuneafrique.com\/atO.WA<\/p>\n","protected":false},"excerpt":{"rendered":"<p>Le 13 octobre, des militants du parti au pouvoir et d\u2019organisations de jeunesse s\u2019\u00e9taient mobilis\u00e9s en toute discr\u00e9tion pour accueillir Paul Biya \u00e0 l\u2019a\u00e9roport. \u00a0 Mais au bout de quelques heures, ils ont d\u00e9chant\u00e9 : le retour attendu du chef de l\u2019\u00c9tat \u00e0 Yaound\u00e9 n\u2019a pas eu lieu. Un \u00e9v\u00e9nement qui vient encore accentuer les [&hellip;]<\/p>\n","protected":false},"author":2,"featured_media":34099,"comment_status":"open","ping_status":"closed","sticky":false,"template":"","format":"standard","meta":{"buzzeditor_post_format":"","footnotes":""},"categories":[42],"tags":[],"class_list":["post-34097","post","type-post","status-publish","format-standard","has-post-thumbnail","hentry","category-news"],"jetpack_featured_media_url":"https:\/\/guineechrono.com\/wp-content\/uploads\/2024\/10\/paul-biya.png","amp_enabled":true,"_links":{"self":[{"href":"https:\/\/guineechrono.com\/index.php\/wp-json\/wp\/v2\/posts\/34097","targetHints":{"allow":["GET"]}}],"collection":[{"href":"https:\/\/guineechrono.com\/index.php\/wp-json\/wp\/v2\/posts"}],"about":[{"href":"https:\/\/guineechrono.com\/index.php\/wp-json\/wp\/v2\/types\/post"}],"author":[{"embeddable":true,"href":"https:\/\/guineechrono.com\/index.php\/wp-json\/wp\/v2\/users\/2"}],"replies":[{"embeddable":true,"href":"https:\/\/guineechrono.com\/index.php\/wp-json\/wp\/v2\/comments?post=34097"}],"version-history":[{"count":1,"href":"https:\/\/guineechrono.com\/index.php\/wp-json\/wp\/v2\/posts\/34097\/revisions"}],"predecessor-version":[{"id":34100,"href":"https:\/\/guineechrono.com\/index.php\/wp-json\/wp\/v2\/posts\/34097\/revisions\/34100"}],"wp:featuredmedia":[{"embeddable":true,"href":"https:\/\/guineechrono.com\/index.php\/wp-json\/wp\/v2\/media\/34099"}],"wp:attachment":[{"href":"https:\/\/guineechrono.com\/index.php\/wp-json\/wp\/v2\/media?parent=34097"}],"wp:term":[{"taxonomy":"category","embeddable":true,"href":"https:\/\/guineechrono.com\/index.php\/wp-json\/wp\/v2\/categories?post=34097"},{"taxonomy":"post_tag","embeddable":true,"href":"https:\/\/guineechrono.com\/index.php\/wp-json\/wp\/v2\/tags?post=34097"}],"curies":[{"name":"wp","href":"https:\/\/api.w.org\/{rel}","templated":true}]}}