{"id":34450,"date":"2024-12-02T10:26:47","date_gmt":"2024-12-02T09:26:47","guid":{"rendered":"https:\/\/guineechrono.com\/?p=34450"},"modified":"2024-12-02T10:26:47","modified_gmt":"2024-12-02T09:26:47","slug":"un-pas-dans-la-bonne-direction-pour-le-devoir-de-memoire-commemoration-du-80e-anniversaire-du-massacre-des-tirailleurs-senegalais-a-thiaroye-en-1944-tribune-de-dr-thierno-souleymane-barry","status":"publish","type":"post","link":"https:\/\/guineechrono.com\/index.php\/un-pas-dans-la-bonne-direction-pour-le-devoir-de-memoire-commemoration-du-80e-anniversaire-du-massacre-des-tirailleurs-senegalais-a-thiaroye-en-1944-tribune-de-dr-thierno-souleymane-barry\/","title":{"rendered":"Un pas dans la bonne direction pour le devoir de m\u00e9moire : Comm\u00e9moration du 80e anniversaire du massacre des tirailleurs s\u00e9n\u00e9galais \u00e0 Thiaroye en 1944 (Tribune de Dr Thierno Souleymane BARRY)"},"content":{"rendered":"<p>1<sup>er<\/sup> d\u00e9cembre 1944- 1<sup>er<\/sup> d\u00e9cembre 2024, Thiaroye, S\u00e9n\u00e9gal, comm\u00e9moration du 80<sup>e<\/sup> anniversaire du massacre des tirailleurs s\u00e9n\u00e9galais par l\u2019arm\u00e9e fran\u00e7aise. Une date historique. Ainsi, dans la pr\u00e9sente tribune, nous ferons successivement un rappel de la date du 1<sup>er<\/sup> d\u00e9cembre 1944 et de sa signification avant de revenir sur le long combat en faveur de la reconnaissance d\u2019un devoir m\u00e9moriel du massacre \u00e9ponyme\u00a0; nous nous int\u00e9resserons particuli\u00e8rement sur l\u2019apr\u00e8s reconnaissance en termes de r\u00e9paration, dans le cadre du r\u00e9tablissement de la v\u00e9rit\u00e9 historique, de la repentance et de la justice aux tirailleurs s\u00e9n\u00e9galais, appellation g\u00e9n\u00e9rique d\u00e9signant des soldats africains des diverses colonies enr\u00f4l\u00e9es dans l\u2019arm\u00e9e fran\u00e7aise.<\/p>\n<p><a href=\"https:\/\/guineechrono.com\/wp-content\/uploads\/2024\/12\/foto-scaled.jpg\"><img fetchpriority=\"high\" decoding=\"async\" class=\"alignnone size-medium wp-image-34452\" src=\"https:\/\/guineechrono.com\/wp-content\/uploads\/2024\/12\/foto-225x300.jpg\" alt=\"\" width=\"225\" height=\"300\" srcset=\"https:\/\/guineechrono.com\/wp-content\/uploads\/2024\/12\/foto-225x300.jpg 225w, https:\/\/guineechrono.com\/wp-content\/uploads\/2024\/12\/foto-767x1024.jpg 767w, https:\/\/guineechrono.com\/wp-content\/uploads\/2024\/12\/foto-768x1025.jpg 768w, https:\/\/guineechrono.com\/wp-content\/uploads\/2024\/12\/foto-1150x1536.jpg 1150w, https:\/\/guineechrono.com\/wp-content\/uploads\/2024\/12\/foto-1534x2048.jpg 1534w, https:\/\/guineechrono.com\/wp-content\/uploads\/2024\/12\/foto-696x929.jpg 696w, https:\/\/guineechrono.com\/wp-content\/uploads\/2024\/12\/foto-1068x1426.jpg 1068w, https:\/\/guineechrono.com\/wp-content\/uploads\/2024\/12\/foto-315x420.jpg 315w, https:\/\/guineechrono.com\/wp-content\/uploads\/2024\/12\/foto-1920x2563.jpg 1920w, https:\/\/guineechrono.com\/wp-content\/uploads\/2024\/12\/foto-scaled.jpg 1917w\" sizes=\"(max-width: 225px) 100vw, 225px\" \/><\/a><\/p>\n<p><strong>Une date et sa signification\u00a0: 1<sup>er<\/sup> d\u00e9cembre 1944, massacre des tirailleurs s\u00e9n\u00e9galais par l\u2019arm\u00e9e fran\u00e7aise \u00e0 Thiaroye, S\u00e9n\u00e9gal<\/strong><\/p>\n<p>Les tirailleurs s\u00e9n\u00e9galais ayant combattu aux c\u00f4t\u00e9s de l\u2019arm\u00e9e fran\u00e7aise les forces allemandes lors de la deuxi\u00e8me guerre mondiale sont d\u00e9mobilis\u00e9es et regroup\u00e9s au Camp de Thiaroye en attendant leur rapatriement dans leurs colonies d\u2019origine. Pour avoir r\u00e9clam\u00e9 leur solde et autres primes, l\u2019arm\u00e9e fran\u00e7aise a tir\u00e9 sur eux. On d\u00e9nombre des morts et ils sont ensevelis ailleurs. Les circonstances exactes, le nombre de morts et le lieu exact de s\u00e9pultures des tirailleurs tu\u00e9s lors de ce massacre font toujours l\u2019objet de controverses. Ce 1<sup>er<\/sup> d\u00e9cembre marque une date significative et symbolique sur l\u2019injustice subie par les tirailleurs s\u00e9n\u00e9galais en termes de reconnaissance d\u2019actes lors des op\u00e9rations, de soldes et de pensions et autres.<\/p>\n<p><strong>Un long combat pour la reconnaissance d\u2019un massacre (1944-2024)\u00a0: 80 ans pour le devoir de m\u00e9moire<\/strong><\/p>\n<p>Il a fallu le 28 novembre 2024, soit 80 ans apr\u00e8s les faits, pour que les autorit\u00e9s fran\u00e7aises reconnaissent, au plus haut niveau et pour la premi\u00e8re fois, le massacre des tirailleurs s\u00e9n\u00e9galais commis par l\u2019arm\u00e9e fran\u00e7aise \u00e0 Thiaroye ce jour fatidique du 1<sup>er<\/sup> d\u00e9cembre 1944. En effet, dans une correspondance adress\u00e9e au Pr\u00e9sident Bassirou Diomaye FAYE, du S\u00e9n\u00e9gal, le Pr\u00e9sident Emmanuel MACRON, de la France, indique que\u00a0: \u00ab\u00a0La France se doit de reconnaitre que ce jour-l\u00e0, la confrontation de militaires et de tirailleurs qui exigeaient que soit vers\u00e9e l\u2019enti\u00e8ret\u00e9 de leur solde l\u00e9gitime, a d\u00e9clench\u00e9 un enchainement de faits ayant abouti \u00e0 un massacre.\u00a0\u00bb Un acte de repentance salu\u00e9 par le pr\u00e9sident s\u00e9n\u00e9galais et bien d\u2019autres tout en soulignant la n\u00e9cessit\u00e9 d\u2019\u00e9claircir les zones opaques autour du massacre longtemps ignor\u00e9. C\u2019est le lieu de souligner qu\u2019il s\u2019agit de l\u2019aboutissement d\u2019un long combat en faveur de la reconnaissance des faits. C\u2019est surtout l\u2019occasion de rendre hommage \u00e0 divers acteurs ce long combat que sont les tirailleurs eux-m\u00eames, les historiens, les \u00e9crivains, les po\u00e8tes, les cin\u00e9astes et les anonymes. Quantit\u00e9 de films, de po\u00e8mes, de pi\u00e8ces de th\u00e9\u00e2tre ont port\u00e9 sur le massacre des tirailleurs s\u00e9n\u00e9galais \u00e0 Thiaroye et l\u2019ensemble de ces \u0153uvres ont permis \u00e0 ce que l\u2019acte ne tombe pas l\u2019oubli. Le po\u00e8me Thiaroye du Pr\u00e9sident Senghor, l\u2019\u0153uvre musicale et th\u00e9\u00e2trale Aube africaine de Keita Fodeba, le film Camp de Thiaroye d\u2019Ousmane Sembene et bien d\u2019autres illustrent ce travail pr\u00e9curseur de m\u00e9moire de ces pionniers dont il faut saluer le courage et la vision.<\/p>\n<p><strong>Une n\u00e9cessit\u00e9 de traduire l\u2019acte de reconnaissance en termes de v\u00e9rit\u00e9 et de r\u00e9paration pour la m\u00e9moire des tirailleurs s\u00e9n\u00e9galais<\/strong><strong>\u00a0<\/strong><\/p>\n<p>Un comit\u00e9 de comm\u00e9moration compos\u00e9 de six historiens et d\u2019un documentariste que pr\u00e9side l\u2019historien Mamadou DIOUF a \u00e9t\u00e9 mis en place par les autorit\u00e9s s\u00e9n\u00e9galaises. \u00a0Ce 1<sup>er<\/sup> d\u00e9cembre 2024, l\u2019Etat s\u00e9n\u00e9galais a comm\u00e9mor\u00e9 le 80<sup>e<\/sup> anniversaire du massacre des tirailleurs s\u00e9n\u00e9galais. Le pr\u00e9sident du S\u00e9n\u00e9gal, accompagn\u00e9 de certains de ses homologues africains et du ministre fran\u00e7ais des affaires \u00e9trang\u00e8res, a proc\u00e9d\u00e9 au d\u00e9p\u00f4t d\u2019une gerbe de fleurs au Cimeti\u00e8re militaire de Thiaroye. En sus de ces points importants, plusieurs autres pistes peuvent \u00eatre envisag\u00e9es. Le premier pas doit s\u2019inscrire dans la recherche de la v\u00e9rit\u00e9 sur les faits, les circonstances, le bilan et les lieux entourant le massacre de ce 1<sup>er<\/sup> d\u00e9cembre 1944. Cela suppose l\u2019acc\u00e8s \u00e0 toute la documentation y relative se trouvant dans les services d\u2019archives en France ou ailleurs. Le second acte concerne toutes autres formes de r\u00e9paration allant de la reconnaissance pleine et enti\u00e8re du massacre \u00e0 l\u2019allocation de ressources aux r\u00e9gions de provenance des tirailleurs s\u00e9n\u00e9galais en passant par l\u2019inscription de cet \u00e9pisode de notre histoire dans les programmes d\u2019enseignement et autres actes symboliques.<\/p>\n<p>Pour terminer, ce devoir de m\u00e9moire doit s\u2019\u00e9tendre \u00e0 d\u2019autres faits et actes historiques de m\u00eame nature pour une saine relation entre peuples, dans le sillage du th\u00e8me de l\u2019Union Africaine (UA) pour l\u2019ann\u00e9e 2025 \u00ab\u00a0Justice pour les Africains et les personnes d\u2019ascendance africaine gr\u00e2ce aux r\u00e9parations\u00a0\u00bb. Petit fils de tirailleur s\u00e9n\u00e9galais, Diallo Souleymane, de la Guin\u00e9e, nous continuerons \u00e0 rendre un hommage m\u00e9rit\u00e9 aux tirailleurs s\u00e9n\u00e9galais par devoir de m\u00e9moire\u00a0!<\/p>\n<p>Dakar, le 1<sup>er<\/sup> d\u00e9cembre 2024<\/p>\n<p>&#8211;<em>Juris Guineensis No 72<\/em><\/p>\n<p><strong>Me Thierno Souleymane BARRY, Ph.D<\/strong><\/p>\n<p>Docteur en droit, Universit\u00e9 de Sherbrooke\/Universit\u00e9 Laval (Canada)<\/p>\n<p>Professeur de droit, Consultant et Avocat \u00e0 la Cour<\/p>\n<p>&nbsp;<\/p>\n","protected":false},"excerpt":{"rendered":"<p>1er d\u00e9cembre 1944- 1er d\u00e9cembre 2024, Thiaroye, S\u00e9n\u00e9gal, comm\u00e9moration du 80e anniversaire du massacre des tirailleurs s\u00e9n\u00e9galais par l\u2019arm\u00e9e fran\u00e7aise. Une date historique. Ainsi, dans la pr\u00e9sente tribune, nous ferons successivement un rappel de la date du 1er d\u00e9cembre 1944 et de sa signification avant de revenir sur le long combat en faveur de la [&hellip;]<\/p>\n","protected":false},"author":2,"featured_media":34451,"comment_status":"open","ping_status":"closed","sticky":false,"template":"","format":"standard","meta":{"buzzeditor_post_format":"","footnotes":""},"categories":[42],"tags":[],"class_list":["post-34450","post","type-post","status-publish","format-standard","has-post-thumbnail","hentry","category-news"],"jetpack_featured_media_url":"https:\/\/guineechrono.com\/wp-content\/uploads\/2024\/12\/foto1-scaled.jpg","amp_enabled":true,"_links":{"self":[{"href":"https:\/\/guineechrono.com\/index.php\/wp-json\/wp\/v2\/posts\/34450","targetHints":{"allow":["GET"]}}],"collection":[{"href":"https:\/\/guineechrono.com\/index.php\/wp-json\/wp\/v2\/posts"}],"about":[{"href":"https:\/\/guineechrono.com\/index.php\/wp-json\/wp\/v2\/types\/post"}],"author":[{"embeddable":true,"href":"https:\/\/guineechrono.com\/index.php\/wp-json\/wp\/v2\/users\/2"}],"replies":[{"embeddable":true,"href":"https:\/\/guineechrono.com\/index.php\/wp-json\/wp\/v2\/comments?post=34450"}],"version-history":[{"count":1,"href":"https:\/\/guineechrono.com\/index.php\/wp-json\/wp\/v2\/posts\/34450\/revisions"}],"predecessor-version":[{"id":34453,"href":"https:\/\/guineechrono.com\/index.php\/wp-json\/wp\/v2\/posts\/34450\/revisions\/34453"}],"wp:featuredmedia":[{"embeddable":true,"href":"https:\/\/guineechrono.com\/index.php\/wp-json\/wp\/v2\/media\/34451"}],"wp:attachment":[{"href":"https:\/\/guineechrono.com\/index.php\/wp-json\/wp\/v2\/media?parent=34450"}],"wp:term":[{"taxonomy":"category","embeddable":true,"href":"https:\/\/guineechrono.com\/index.php\/wp-json\/wp\/v2\/categories?post=34450"},{"taxonomy":"post_tag","embeddable":true,"href":"https:\/\/guineechrono.com\/index.php\/wp-json\/wp\/v2\/tags?post=34450"}],"curies":[{"name":"wp","href":"https:\/\/api.w.org\/{rel}","templated":true}]}}