{"id":34463,"date":"2024-12-02T14:24:59","date_gmt":"2024-12-02T13:24:59","guid":{"rendered":"https:\/\/guineechrono.com\/?p=34463"},"modified":"2024-12-02T14:24:59","modified_gmt":"2024-12-02T13:24:59","slug":"56-morts-au-stade-de-nzerekore-cellou-dalien-diallo-presente-ses-condoleances-au-peuple-de-guinee","status":"publish","type":"post","link":"https:\/\/guineechrono.com\/index.php\/56-morts-au-stade-de-nzerekore-cellou-dalien-diallo-presente-ses-condoleances-au-peuple-de-guinee\/","title":{"rendered":"56 morts au stade de N\u2019Z\u00e9r\u00e9kor\u00e9 : Cellou Dalien Diallo pr\u00e9sente ses condol\u00e9ances au peuple de Guin\u00e9e"},"content":{"rendered":"<p><strong>Hier dimanche, 1er d\u00e9cembre 2024 au stade de N\u2019z\u00e9r\u00e9kor\u00e9, 56 personnes ont trouv\u00e9 selon le communiqu\u00e9 du gouvernement. <\/strong><\/p>\n<p>Suite \u00e0 ce drame, le pr\u00e9sident de L\u2019UFDG, Cellou Dalein Diallo, toujours \u00e0 l\u2019ext\u00e9rieur du pays a fait une d\u00e9claration sur son compte Meta.<\/p>\n<p>\u00ab\u00a0C\u2019est avec une immense tristesse que j\u2019ai appris le drame national qui a frapp\u00e9 notre peuple ce dimanche 1er d\u00e9cembre 2024 \u00e0 Nz\u00e9r\u00e9kor\u00e9, causant plus d\u2019une dizaine de morts et de bless\u00e9s graves.<\/p>\n<p>Cette trag\u00e9die a eu lieu pendant la finale d\u2019un tournoi de football organis\u00e9, h\u00e9las, dans le cadre de la promotion de la candidature ill\u00e9gale du G\u00e9n\u00e9ral Mamadi Doumbouya \u00e0 la prochaine \u00e9lection pr\u00e9sidentielle.<\/p>\n<p>Je pr\u00e9sente mes condol\u00e9ances les plus sinc\u00e8res aux familles \u00e9plor\u00e9es ainsi qu\u2019\u00e0 tout notre peuple endeuill\u00e9, et je souhaite un prompt r\u00e9tablissement aux bless\u00e9s\u00a0\u00bb.<\/p>\n<p><strong>Barry <\/strong><\/p>\n","protected":false},"excerpt":{"rendered":"<p>Hier dimanche, 1er d\u00e9cembre 2024 au stade de N\u2019z\u00e9r\u00e9kor\u00e9, 56 personnes ont trouv\u00e9 selon le communiqu\u00e9 du gouvernement. Suite \u00e0 ce drame, le pr\u00e9sident de L\u2019UFDG, Cellou Dalein Diallo, toujours \u00e0 l\u2019ext\u00e9rieur du pays a fait une d\u00e9claration sur son compte Meta. \u00ab\u00a0C\u2019est avec une immense tristesse que j\u2019ai appris le drame national qui a [&hellip;]<\/p>\n","protected":false},"author":2,"featured_media":34464,"comment_status":"open","ping_status":"closed","sticky":false,"template":"","format":"standard","meta":{"buzzeditor_post_format":"","footnotes":""},"categories":[42],"tags":[],"class_list":["post-34463","post","type-post","status-publish","format-standard","has-post-thumbnail","hentry","category-news"],"jetpack_featured_media_url":"https:\/\/guineechrono.com\/wp-content\/uploads\/2024\/12\/celou.jpg","amp_enabled":true,"_links":{"self":[{"href":"https:\/\/guineechrono.com\/index.php\/wp-json\/wp\/v2\/posts\/34463","targetHints":{"allow":["GET"]}}],"collection":[{"href":"https:\/\/guineechrono.com\/index.php\/wp-json\/wp\/v2\/posts"}],"about":[{"href":"https:\/\/guineechrono.com\/index.php\/wp-json\/wp\/v2\/types\/post"}],"author":[{"embeddable":true,"href":"https:\/\/guineechrono.com\/index.php\/wp-json\/wp\/v2\/users\/2"}],"replies":[{"embeddable":true,"href":"https:\/\/guineechrono.com\/index.php\/wp-json\/wp\/v2\/comments?post=34463"}],"version-history":[{"count":1,"href":"https:\/\/guineechrono.com\/index.php\/wp-json\/wp\/v2\/posts\/34463\/revisions"}],"predecessor-version":[{"id":34465,"href":"https:\/\/guineechrono.com\/index.php\/wp-json\/wp\/v2\/posts\/34463\/revisions\/34465"}],"wp:featuredmedia":[{"embeddable":true,"href":"https:\/\/guineechrono.com\/index.php\/wp-json\/wp\/v2\/media\/34464"}],"wp:attachment":[{"href":"https:\/\/guineechrono.com\/index.php\/wp-json\/wp\/v2\/media?parent=34463"}],"wp:term":[{"taxonomy":"category","embeddable":true,"href":"https:\/\/guineechrono.com\/index.php\/wp-json\/wp\/v2\/categories?post=34463"},{"taxonomy":"post_tag","embeddable":true,"href":"https:\/\/guineechrono.com\/index.php\/wp-json\/wp\/v2\/tags?post=34463"}],"curies":[{"name":"wp","href":"https:\/\/api.w.org\/{rel}","templated":true}]}}