{"id":34466,"date":"2024-12-03T11:11:33","date_gmt":"2024-12-03T10:11:33","guid":{"rendered":"https:\/\/guineechrono.com\/?p=34466"},"modified":"2024-12-03T11:11:33","modified_gmt":"2024-12-03T10:11:33","slug":"alpha-amadou-balde-et-la-guinee-au-coeur-des-decisions-strategiques-de-la-boxe-mondiale","status":"publish","type":"post","link":"https:\/\/guineechrono.com\/index.php\/alpha-amadou-balde-et-la-guinee-au-coeur-des-decisions-strategiques-de-la-boxe-mondiale\/","title":{"rendered":"Alpha Amadou Bald\u00e9 et la Guin\u00e9e au C\u0153ur des D\u00e9cisions Strat\u00e9giques de la Boxe Mondiale"},"content":{"rendered":"<p>Le pr\u00e9sident de la F\u00e9d\u00e9ration Guin\u00e9enne de Boxe (FEGUIBOXE) et vice-pr\u00e9sident de la Conf\u00e9d\u00e9ration Africaine de Boxe (AFBC), Alpha Amadou Bald\u00e9, participera au Congr\u00e8s ordinaire 2024 de l\u2019IBA, qui se tiendra en format hybride le 7 d\u00e9cembre 2024 \u00e0 Duba\u00ef, aux \u00c9mirats arabes unis. Il a \u00e9t\u00e9 invit\u00e9 par M. Chris Roberts OBE, Secr\u00e9taire g\u00e9n\u00e9ral et PDG de l\u2019IBA.<\/p>\n<p>Ce Congr\u00e8s ordinaire, \u00e9v\u00e9nement majeur de l\u2019IBA, rassemblera des d\u00e9l\u00e9gu\u00e9s des f\u00e9d\u00e9rations nationales du monde entier pour discuter et d\u00e9cider de l\u2019orientation strat\u00e9gique de la boxe. \u00c0 ce jour, 165 f\u00e9d\u00e9rations nationales sont attendues.<\/p>\n<p>Le 5e Global Boxing Forum sera un incubateur d\u2019id\u00e9es progressistes, r\u00e9unissant les esprits les plus brillants de la boxe, y compris boxeurs, entra\u00eeneurs et administrateurs, pour discuter, d\u00e9battre et fa\u00e7onner l\u2019avenir de ce sport.<\/p>\n<p>Cette invitation fait suite \u00e0 celle du 9 octobre 2024, o\u00f9 M. Alpha Amadou Bald\u00e9 a assist\u00e9 \u00e0 une rencontre \u00e0 Duba\u00ef avec le pr\u00e9sident de l\u2019IBA, Umar Kremlev, le vice-pr\u00e9sident de l\u2019IBA, Abdulmutalim Abakarov, et le pr\u00e9sident de la Conf\u00e9d\u00e9ration africaine de boxe (AFBC), Eyassu Wossen, ainsi que les membres du conseil d\u2019administration de l\u2019AFBC.<\/p>\n<p>Ces invitations, qui ont fait d\u00e9faut \u00e0 la Guin\u00e9e pendant des ann\u00e9es, marquent un retour au plus haut niveau de cette discipline. Lors de ces grandes rencontres, des d\u00e9cisions cruciales et des projets de d\u00e9veloppement des infrastructures et de la discipline sont discut\u00e9s et valid\u00e9s. La participation de la Guin\u00e9e \u00e0 ces \u00e9v\u00e9nements illustre parfaitement cette nouvelle dynamique. La derni\u00e8re participation a eu lieu au championnat du monde de boxe en Serbie-Mont\u00e9n\u00e9gro, du 20 octobre au 4 novembre, o\u00f9 deux jeunes boxeurs talentueux de 17 et 18 ans ont fi\u00e8rement repr\u00e9sent\u00e9 la R\u00e9publique de Guin\u00e9e. Gr\u00e2ce au soutien de la F\u00e9d\u00e9ration internationale de Boxe (IBA), la Guin\u00e9e a pu pr\u00e9parer ses athl\u00e8tes pour cette comp\u00e9tition de haut niveau. Parmi les boxeurs guin\u00e9ens, Abdoulaye Diallo concourra dans la cat\u00e9gorie des 54 kg, tandis que Mamadou Saydou Barry se battra dans la cat\u00e9gorie des 67 kg, a-t-il expliqu\u00e9.<\/p>\n<p><a href=\"https:\/\/guineechrono.com\/wp-content\/uploads\/2024\/12\/kalan1.jpg\"><img fetchpriority=\"high\" decoding=\"async\" class=\"alignnone size-medium wp-image-34468\" src=\"https:\/\/guineechrono.com\/wp-content\/uploads\/2024\/12\/kalan1-300x225.jpg\" alt=\"\" width=\"300\" height=\"225\" srcset=\"https:\/\/guineechrono.com\/wp-content\/uploads\/2024\/12\/kalan1-300x225.jpg 300w, https:\/\/guineechrono.com\/wp-content\/uploads\/2024\/12\/kalan1-80x60.jpg 80w, https:\/\/guineechrono.com\/wp-content\/uploads\/2024\/12\/kalan1-265x198.jpg 265w, https:\/\/guineechrono.com\/wp-content\/uploads\/2024\/12\/kalan1-696x523.jpg 696w, https:\/\/guineechrono.com\/wp-content\/uploads\/2024\/12\/kalan1-559x420.jpg 559w, https:\/\/guineechrono.com\/wp-content\/uploads\/2024\/12\/kalan1.jpg 720w\" sizes=\"(max-width: 300px) 100vw, 300px\" \/><\/a><\/p>\n<p>\u00c0 rappeler que\u00a0 pour ce rendez-vous de Duba\u00ef, le pr\u00e9sident de la F\u00e9d\u00e9ration Guin\u00e9enne de Boxe et vice-pr\u00e9sident de la Conf\u00e9d\u00e9ration Africaine de Boxe (AFBC), Alpha Amadou Bald\u00e9\u00a0 quittera Conakry demain mardi suivant le le programme\u00a0 :<\/p>\n<p>5 d\u00e9cembre : Arriv\u00e9e des invit\u00e9s.<\/p>\n<p>6 d\u00e9cembre : Soir\u00e9e des Champions IBA.<\/p>\n<p>7 d\u00e9cembre : Forum mondial de boxe\/Congr\u00e8s IBA\/D\u00eener de gala.<\/p>\n<p>8 d\u00e9cembre : Fin et d\u00e9part des diff\u00e9rentes d\u00e9l\u00e9gations.<\/p>\n<p><strong>Bintou Sylla<\/strong><\/p>\n","protected":false},"excerpt":{"rendered":"<p>Le pr\u00e9sident de la F\u00e9d\u00e9ration Guin\u00e9enne de Boxe (FEGUIBOXE) et vice-pr\u00e9sident de la Conf\u00e9d\u00e9ration Africaine de Boxe (AFBC), Alpha Amadou Bald\u00e9, participera au Congr\u00e8s ordinaire 2024 de l\u2019IBA, qui se tiendra en format hybride le 7 d\u00e9cembre 2024 \u00e0 Duba\u00ef, aux \u00c9mirats arabes unis. Il a \u00e9t\u00e9 invit\u00e9 par M. Chris Roberts OBE, Secr\u00e9taire g\u00e9n\u00e9ral [&hellip;]<\/p>\n","protected":false},"author":2,"featured_media":34467,"comment_status":"open","ping_status":"closed","sticky":false,"template":"","format":"standard","meta":{"buzzeditor_post_format":"","footnotes":""},"categories":[42],"tags":[],"class_list":["post-34466","post","type-post","status-publish","format-standard","has-post-thumbnail","hentry","category-news"],"jetpack_featured_media_url":"https:\/\/guineechrono.com\/wp-content\/uploads\/2024\/12\/kalan.jpg","amp_enabled":true,"_links":{"self":[{"href":"https:\/\/guineechrono.com\/index.php\/wp-json\/wp\/v2\/posts\/34466","targetHints":{"allow":["GET"]}}],"collection":[{"href":"https:\/\/guineechrono.com\/index.php\/wp-json\/wp\/v2\/posts"}],"about":[{"href":"https:\/\/guineechrono.com\/index.php\/wp-json\/wp\/v2\/types\/post"}],"author":[{"embeddable":true,"href":"https:\/\/guineechrono.com\/index.php\/wp-json\/wp\/v2\/users\/2"}],"replies":[{"embeddable":true,"href":"https:\/\/guineechrono.com\/index.php\/wp-json\/wp\/v2\/comments?post=34466"}],"version-history":[{"count":1,"href":"https:\/\/guineechrono.com\/index.php\/wp-json\/wp\/v2\/posts\/34466\/revisions"}],"predecessor-version":[{"id":34469,"href":"https:\/\/guineechrono.com\/index.php\/wp-json\/wp\/v2\/posts\/34466\/revisions\/34469"}],"wp:featuredmedia":[{"embeddable":true,"href":"https:\/\/guineechrono.com\/index.php\/wp-json\/wp\/v2\/media\/34467"}],"wp:attachment":[{"href":"https:\/\/guineechrono.com\/index.php\/wp-json\/wp\/v2\/media?parent=34466"}],"wp:term":[{"taxonomy":"category","embeddable":true,"href":"https:\/\/guineechrono.com\/index.php\/wp-json\/wp\/v2\/categories?post=34466"},{"taxonomy":"post_tag","embeddable":true,"href":"https:\/\/guineechrono.com\/index.php\/wp-json\/wp\/v2\/tags?post=34466"}],"curies":[{"name":"wp","href":"https:\/\/api.w.org\/{rel}","templated":true}]}}