{"id":34589,"date":"2024-12-02T15:04:36","date_gmt":"2024-12-02T14:04:36","guid":{"rendered":"https:\/\/guineechrono.com\/?p=34589"},"modified":"2024-12-22T01:13:18","modified_gmt":"2024-12-22T00:13:18","slug":"fobamar-solipad-une-nouvelle-voix-pour-la-paix-et-la-reconciliation-en-guinee","status":"publish","type":"post","link":"https:\/\/guineechrono.com\/index.php\/fobamar-solipad-une-nouvelle-voix-pour-la-paix-et-la-reconciliation-en-guinee\/","title":{"rendered":"FOBAMAR-SOLIPAD : Une nouvelle voix pour la paix et la r\u00e9conciliation en Guin\u00e9e"},"content":{"rendered":"<p><strong>Ce samedi 21 d\u00e9cembre 2024, la Fondation Bah Mamadou Radiahi pour la Solidarit\u00e9, la Paix et le D\u00e9veloppement (FOBAMAR-SOLIPAD) a tenu une conf\u00e9rence de presse \u00e0 la Maison de la Presse, \u00e0 Conakry. L&rsquo;objectif \u00e9tait de pr\u00e9senter cette fondation humanitaire \u00e0 la presse tout en mettant en lumi\u00e8re sa mission principale : promouvoir la paix et la qui\u00e9tude sociale en Guin\u00e9e.<\/strong><\/p>\n<p>Dans son discours inaugural, le pr\u00e9sident fondateur, El Hadj Mamadou Radiahi Bah, a soulign\u00e9 l&rsquo;urgence de cr\u00e9er cette fondation dans un contexte marqu\u00e9 par une instabilit\u00e9 sociopolitique qui perdure depuis plus d&rsquo;une d\u00e9cennie.<\/p>\n<p>\u00ab Nous sommes r\u00e9unis aujourd&rsquo;hui pour rappeler \u00e0 tous les Guin\u00e9ens l\u2019inqui\u00e9tude qui nous habite face \u00e0 la situation actuelle de notre pays. La Fondation FOBAMAR-SOLIPAD appelle tous les acteurs guin\u00e9ens \u2013 les d\u00e9cideurs, la classe politique et les organisations de la soci\u00e9t\u00e9 civile \u2013 \u00e0 se rassembler autour d\u2019une table pour r\u00e9soudre nos diff\u00e9rends et trouver des solutions durables. Il est imp\u00e9ratif que nous, Guin\u00e9ens, prenions en main notre avenir commun \u00bb, a-t-il d\u00e9clar\u00e9.<\/p>\n<p>Le pr\u00e9sident de la fondation a \u00e9galement annonc\u00e9 plusieurs actions imminentes, notamment des rencontres avec les principaux acteurs politiques. Il a tenu \u00e0 exprimer sa gratitude envers ceux qui ont \u0153uvr\u00e9 pour rapprocher les Guin\u00e9ens :<br \/>\n\u00ab Nous remercions sinc\u00e8rement tous ceux qui ont pos\u00e9 des actes en faveur de l\u2019unit\u00e9 nationale. Nous les encourageons \u00e0 poursuivre leurs efforts. Nous tenons aussi \u00e0 rassurer tous nos concitoyens, tant \u00e0 l\u2019int\u00e9rieur qu\u2019\u00e0 l\u2019ext\u00e9rieur du pays, sur leur s\u00e9curit\u00e9. \u00c0 ceux qui h\u00e9sitent \u00e0 revenir en Guin\u00e9e, nous disons : rentrez sans crainte. Ensemble, nous devons \u0153uvrer pour rapprocher les diff\u00e9rentes parties et sortir de cette crise. \u00bb<\/p>\n<p>Il a lanc\u00e9 un appel particulier \u00e0 la jeunesse, l\u2019invitant \u00e0 \u00e9viter de manifester dans la rue :<br \/>\n\u00ab La rue n\u2019a jamais \u00e9t\u00e9 une solution durable. Regardons autour de nous, dans les pays voisins et \u00e0 travers le monde : les conflits arm\u00e9s n\u2019apportent que des souffrances. C\u2019est par le dialogue et la n\u00e9gociation que nous pourrons surmonter nos divergences et parvenir \u00e0 un consensus. \u00bb<\/p>\n<p>Pour conclure, El Hadj Mamadou Radiahi Bah a annonc\u00e9 que la fondation pr\u00e9voit de rencontrer prochainement la classe politique et le gouvernement afin de discuter de points essentiels pouvant contribuer \u00e0 une sortie de crise.<\/p>\n<p>Au cours de la conf\u00e9rence, une vid\u00e9o a \u00e9t\u00e9 diffus\u00e9e, pr\u00e9sentant les actions d\u00e9j\u00e0 entreprises par la fondation, notamment ses rencontres avec les sages des quatre r\u00e9gions naturelles de la Guin\u00e9e, dans le but de promouvoir ses valeurs et sa vision.<\/p>\n<p><strong>Bolokada Sano<\/strong> <!--\/data\/user\/0\/com.samsung.android.app.notes\/files\/clipdata\/clipdata_bodytext_241222_000349_017.sdocx--><\/p>\n","protected":false},"excerpt":{"rendered":"<p>Ce samedi 21 d\u00e9cembre 2024, la Fondation Bah Mamadou Radiahi pour la Solidarit\u00e9, la Paix et le D\u00e9veloppement (FOBAMAR-SOLIPAD) a tenu une conf\u00e9rence de presse \u00e0 la Maison de la Presse, \u00e0 Conakry. L&rsquo;objectif \u00e9tait de pr\u00e9senter cette fondation humanitaire \u00e0 la presse tout en mettant en lumi\u00e8re sa mission principale : promouvoir la paix [&hellip;]<\/p>\n","protected":false},"author":2,"featured_media":34593,"comment_status":"open","ping_status":"closed","sticky":false,"template":"","format":"standard","meta":{"buzzeditor_post_format":"","footnotes":""},"categories":[2,42,46],"tags":[],"class_list":["post-34589","post","type-post","status-publish","format-standard","has-post-thumbnail","hentry","category-featured","category-news","category-societe"],"jetpack_featured_media_url":"https:\/\/guineechrono.com\/wp-content\/uploads\/2024\/12\/20241221_113043-scaled.jpg","amp_enabled":true,"_links":{"self":[{"href":"https:\/\/guineechrono.com\/index.php\/wp-json\/wp\/v2\/posts\/34589","targetHints":{"allow":["GET"]}}],"collection":[{"href":"https:\/\/guineechrono.com\/index.php\/wp-json\/wp\/v2\/posts"}],"about":[{"href":"https:\/\/guineechrono.com\/index.php\/wp-json\/wp\/v2\/types\/post"}],"author":[{"embeddable":true,"href":"https:\/\/guineechrono.com\/index.php\/wp-json\/wp\/v2\/users\/2"}],"replies":[{"embeddable":true,"href":"https:\/\/guineechrono.com\/index.php\/wp-json\/wp\/v2\/comments?post=34589"}],"version-history":[{"count":1,"href":"https:\/\/guineechrono.com\/index.php\/wp-json\/wp\/v2\/posts\/34589\/revisions"}],"predecessor-version":[{"id":34594,"href":"https:\/\/guineechrono.com\/index.php\/wp-json\/wp\/v2\/posts\/34589\/revisions\/34594"}],"wp:featuredmedia":[{"embeddable":true,"href":"https:\/\/guineechrono.com\/index.php\/wp-json\/wp\/v2\/media\/34593"}],"wp:attachment":[{"href":"https:\/\/guineechrono.com\/index.php\/wp-json\/wp\/v2\/media?parent=34589"}],"wp:term":[{"taxonomy":"category","embeddable":true,"href":"https:\/\/guineechrono.com\/index.php\/wp-json\/wp\/v2\/categories?post=34589"},{"taxonomy":"post_tag","embeddable":true,"href":"https:\/\/guineechrono.com\/index.php\/wp-json\/wp\/v2\/tags?post=34589"}],"curies":[{"name":"wp","href":"https:\/\/api.w.org\/{rel}","templated":true}]}}