{"id":34761,"date":"2025-01-12T18:06:20","date_gmt":"2025-01-12T17:06:20","guid":{"rendered":"https:\/\/guineechrono.com\/?p=34761"},"modified":"2025-01-12T18:06:20","modified_gmt":"2025-01-12T17:06:20","slug":"le-dernier-voyage-de-mamadi-sinkoun-kaba-un-ambassadeur-pas-comme-les-autres-par-tibou-kamara","status":"publish","type":"post","link":"https:\/\/guineechrono.com\/index.php\/le-dernier-voyage-de-mamadi-sinkoun-kaba-un-ambassadeur-pas-comme-les-autres-par-tibou-kamara\/","title":{"rendered":"Le dernier voyage de Mamadi Sinkoun Kaba, un ambassadeur pas comme les autres (Par Tibou Kamara)"},"content":{"rendered":"<p>La vie n\u2019est pas un cadeau, la mort n\u2019est pas un fardeau<\/p>\n<p>Je me suis r\u00e9veill\u00e9 ce matin, samedi 11 janvier 2025, avec une triste nouvelle qui m\u2019a \u00e9t\u00e9 partag\u00e9e par de nombreux compatriotes, \u00e9treints d\u2019\u00e9motion et muets dans l\u2019\u00e9preuve du deuil : Mamadi Sinkoun Kaba, qui a \u00e9t\u00e9 r\u00e9v\u00e9l\u00e9 aux Guin\u00e9ens et au monde entier par ses fonctions prestigieuses d\u2019ambassadeur et directeur du protocole d\u2019\u00c9tat aupr\u00e8s du Professeur Alpha Cond\u00e9, a abandonn\u00e9 le combat, de guerre lasse, face \u00e0 la maladie. Non sans avoir oppos\u00e9 une farouche r\u00e9sistance, car il aimait la vie dont il voulait faire de chaque instant une chance de bonheur, une opportunit\u00e9 de libert\u00e9.<\/p>\n<p>L\u2019ann\u00e9e commence \u00e0 peine que c\u2019est d\u00e9j\u00e0 un flot de larmes, un concert de pleurs. D\u00e9cid\u00e9ment, nous vivons tous maintenant avec le malheur qui plane au-dessus de nos t\u00eates, dans l\u2019ombre de la mort que les distractions du quotidien emp\u00eachent de voir venir, que l\u2019on n\u2019envisage pas ou pourrait avoir tendance \u00e0 oublier dans l\u2019ivresse des honneurs illusoires et l\u2019euphorie de tous les pouvoirs \u00e9ph\u00e9m\u00e8res de l\u2019argent d\u00e9moniaque, des titres ronflants, des statuts discriminants et flatteurs dans la soci\u00e9t\u00e9 et l\u2019\u00c9tat<br \/>\nApr\u00e8s avoir connu la ru\u00e9e et la nu\u00e9e des sollicitations dans sa proximit\u00e9 avec un Chef d\u2019\u00c9tat iconique, de grande audience, le regrett\u00e9 Mamadi Sinkoun Kaba a aussi go\u00fbt\u00e9 \u00e0 l\u2019isolement de la disgr\u00e2ce et aux frustrations de l\u2019exil forc\u00e9 et prolong\u00e9.<\/p>\n<p>\u00c0 compter de ce jour qui marque la fin de son s\u00e9jour sur terre, il reposera dans la tranquillit\u00e9 de sa derni\u00e8re demeure, et peut compter ainsi sur l\u2019intimit\u00e9 de la pierre tombale, le calme des n\u00e9cropoles, le silence de l\u2019absence, l\u2019immunit\u00e9 de la mort qui ne permet pas les proc\u00e8s en sorcellerie, interdit les inquisitions, ajourne les lapidations, emporte les secrets, enterre les confidences, bref, qui apaise les c\u0153urs et les esprits les plus r\u00e9tifs \u00e0 la raison et \u00e0 la sagesse, met fin aux peurs et aux angoisses.<\/p>\n<p>L\u2019homme est poussi\u00e8re et retournera poussi\u00e8re, si l\u2019on en croit la parole biblique. Quant \u00e0 la vie, chaque jour et \u00e0 toutes les occasions, elle rappelle qu\u2019elle n\u2019a de pacte avec personne et que le mandat qu\u2019elle accorde \u00e0 tous a un d\u00e9but et une fin dans l\u2019espace et le temps.<br \/>\nIl n\u2019y a de justice que la mort, qui a un traitement \u00e9gal pour tout le monde et r\u00e9serve \u00e0 tous le m\u00eame sort.<\/p>\n<p>Rentre en paix, mon fr\u00e8re et ami, dans ta Guin\u00e9e natale o\u00f9 je te souhaite de vivre d\u00e9sormais dans la f\u00e9licit\u00e9 \u00e9ternelle. Oui, vivre, parce qu\u2019il y a une vie apr\u00e8s la mort, en paix dans l\u2019amour des autres et de notre ch\u00e8re patrie dont jamais nous ne serons orphelins.<\/p>\n<p>Tibou Kamara<\/p>\n","protected":false},"excerpt":{"rendered":"<p>La vie n\u2019est pas un cadeau, la mort n\u2019est pas un fardeau Je me suis r\u00e9veill\u00e9 ce matin, samedi 11 janvier 2025, avec une triste nouvelle qui m\u2019a \u00e9t\u00e9 partag\u00e9e par de nombreux compatriotes, \u00e9treints d\u2019\u00e9motion et muets dans l\u2019\u00e9preuve du deuil : Mamadi Sinkoun Kaba, qui a \u00e9t\u00e9 r\u00e9v\u00e9l\u00e9 aux Guin\u00e9ens et au monde [&hellip;]<\/p>\n","protected":false},"author":2,"featured_media":34762,"comment_status":"open","ping_status":"closed","sticky":false,"template":"","format":"standard","meta":{"buzzeditor_post_format":"","footnotes":""},"categories":[42],"tags":[],"class_list":["post-34761","post","type-post","status-publish","format-standard","has-post-thumbnail","hentry","category-news"],"jetpack_featured_media_url":"https:\/\/guineechrono.com\/wp-content\/uploads\/2025\/01\/seinkoun-1.jpg","amp_enabled":true,"_links":{"self":[{"href":"https:\/\/guineechrono.com\/index.php\/wp-json\/wp\/v2\/posts\/34761","targetHints":{"allow":["GET"]}}],"collection":[{"href":"https:\/\/guineechrono.com\/index.php\/wp-json\/wp\/v2\/posts"}],"about":[{"href":"https:\/\/guineechrono.com\/index.php\/wp-json\/wp\/v2\/types\/post"}],"author":[{"embeddable":true,"href":"https:\/\/guineechrono.com\/index.php\/wp-json\/wp\/v2\/users\/2"}],"replies":[{"embeddable":true,"href":"https:\/\/guineechrono.com\/index.php\/wp-json\/wp\/v2\/comments?post=34761"}],"version-history":[{"count":1,"href":"https:\/\/guineechrono.com\/index.php\/wp-json\/wp\/v2\/posts\/34761\/revisions"}],"predecessor-version":[{"id":34763,"href":"https:\/\/guineechrono.com\/index.php\/wp-json\/wp\/v2\/posts\/34761\/revisions\/34763"}],"wp:featuredmedia":[{"embeddable":true,"href":"https:\/\/guineechrono.com\/index.php\/wp-json\/wp\/v2\/media\/34762"}],"wp:attachment":[{"href":"https:\/\/guineechrono.com\/index.php\/wp-json\/wp\/v2\/media?parent=34761"}],"wp:term":[{"taxonomy":"category","embeddable":true,"href":"https:\/\/guineechrono.com\/index.php\/wp-json\/wp\/v2\/categories?post=34761"},{"taxonomy":"post_tag","embeddable":true,"href":"https:\/\/guineechrono.com\/index.php\/wp-json\/wp\/v2\/tags?post=34761"}],"curies":[{"name":"wp","href":"https:\/\/api.w.org\/{rel}","templated":true}]}}