{"id":35043,"date":"2025-02-27T14:27:54","date_gmt":"2025-02-27T13:27:54","guid":{"rendered":"https:\/\/guineechrono.com\/?p=35043"},"modified":"2025-02-27T14:27:54","modified_gmt":"2025-02-27T13:27:54","slug":"conakry-lancement-officiel-du-mouvement-de-soutien-kaloum-kha-mamadi-doumbouya","status":"publish","type":"post","link":"https:\/\/guineechrono.com\/index.php\/conakry-lancement-officiel-du-mouvement-de-soutien-kaloum-kha-mamadi-doumbouya\/","title":{"rendered":"Conakry : Lancement officiel du mouvement de soutien \u00ab Kaloum Kha Mamadi Doumbouya \u00bb"},"content":{"rendered":"<p>Dans le cadre du soutien aux id\u00e9aux du CNRD et \u00e0 son pr\u00e9sident, le G\u00e9n\u00e9ral Mamadi Doumbouya, les jeunes du mouvement d\u00e9nomm\u00e9 <strong>\u00ab Kaloum Kha Mamadi Doumbouya \u00bb<\/strong> ont organis\u00e9, ce mardi 25 f\u00e9vrier 2025, la c\u00e9r\u00e9monie officielle de lancement de leur mouvement. L\u2019\u00e9v\u00e9nement s\u2019est tenu au Boulevard Telly Diallo \u00e0 Sandervalia, dans la commune de Kaloum, en pr\u00e9sence de plusieurs membres du gouvernement, dont le ministre des Affaires \u00e9trang\u00e8res, de l\u2019Int\u00e9gration africaine et des Guin\u00e9ens \u00e9tablis \u00e0 l\u2019\u00e9tranger, <strong>Dr Morissanda Kouyat\u00e9<\/strong>, grand parrain de ce mouvement.<\/p>\n<p>Le mouvement <strong>\u00ab Kaloum Kha Mamadi Doumbouya \u00bb<\/strong> a pour objectif de <strong>\u00ab soutenir et vulgariser la vision du Chef de l\u2019\u00c9tat et son programme Simandou 2040 \u00bb<\/strong>. Par ailleurs, il pr\u00e9voit de se d\u00e9ployer dans tous les quartiers, march\u00e9s et autres lieux publics afin de mobiliser les jeunes et les femmes autour des id\u00e9aux de <strong>paix, de coh\u00e9sion sociale et de d\u00e9veloppement<\/strong> pr\u00f4n\u00e9s par le pr\u00e9sident de la transition.<\/p>\n<p>Lors de son discours devant une foule de militants et sympathisants venus en nombre pour rendre cet \u00e9v\u00e9nement m\u00e9morable, <strong>le ministre Morissanda Kouyat\u00e9<\/strong> a rappel\u00e9 l\u2019engagement du pr\u00e9sident Mamadi Doumbouya envers le peuple guin\u00e9en :<\/p>\n<p><a href=\"https:\/\/guineechrono.com\/wp-content\/uploads\/2025\/02\/IMG-20250226-WA0022.jpg\"><img decoding=\"async\" class=\"alignnone size-medium wp-image-35044\" src=\"https:\/\/guineechrono.com\/wp-content\/uploads\/2025\/02\/IMG-20250226-WA0022-300x140.jpg\" alt=\"\" width=\"300\" height=\"140\" srcset=\"https:\/\/guineechrono.com\/wp-content\/uploads\/2025\/02\/IMG-20250226-WA0022-300x140.jpg 300w, https:\/\/guineechrono.com\/wp-content\/uploads\/2025\/02\/IMG-20250226-WA0022-1024x478.jpg 1024w, https:\/\/guineechrono.com\/wp-content\/uploads\/2025\/02\/IMG-20250226-WA0022-768x358.jpg 768w, https:\/\/guineechrono.com\/wp-content\/uploads\/2025\/02\/IMG-20250226-WA0022-696x325.jpg 696w, https:\/\/guineechrono.com\/wp-content\/uploads\/2025\/02\/IMG-20250226-WA0022-1068x498.jpg 1068w, https:\/\/guineechrono.com\/wp-content\/uploads\/2025\/02\/IMG-20250226-WA0022-900x420.jpg 900w, https:\/\/guineechrono.com\/wp-content\/uploads\/2025\/02\/IMG-20250226-WA0022.jpg 1140w\" sizes=\"(max-width: 300px) 100vw, 300px\" \/><\/a><\/p>\n<p><strong>\u00ab Aujourd\u2019hui, c\u2019est un jour de naissance. Pourquoi ? Parce que c\u2019est ici que le pr\u00e9sident Mamadi Doumbouya a grandi, c\u2019est ici qu\u2019il travaille et qu\u2019il fait son sport. Le pr\u00e9sident appartient \u00e0 la commune de Kaloum. Vous, les Kaloumkas, sachez que la Moyenne Guin\u00e9e, la Haute Guin\u00e9e et la Guin\u00e9e Foresti\u00e8re viendront vous demander de leur pr\u00eater le pr\u00e9sident pour des c\u00e9r\u00e9monies ou du travail. Alors, soutenons-le dans ses actions de refondation et de paix pour le bien-\u00eatre de notre pays. Vous avez vu le pr\u00e9sident Mamadi, il est assis chez lui, il ne parle pas, il ne fait que travailler. Mais ceux qui passent leur temps \u00e0 parler, o\u00f9 sont-ils aujourd\u2019hui ? Entre eux et notre pr\u00e9sident, qui pr\u00e9f\u00e9rez-vous ? \u00bb<\/strong><\/p>\n<p>Poursuivant son intervention, le ministre a insist\u00e9 sur la d\u00e9termination du Chef de l\u2019\u00c9tat \u00e0 \u0153uvrer pour l\u2019avenir de la Guin\u00e9e :<\/p>\n<p><strong>\u00ab Il est important de rappeler que le pr\u00e9sident est dans son palais, il ne provoque personne, il n\u2019insulte personne. Il ne pense qu\u2019\u00e0 l\u2019avenir de sa patrie, au travail et au bien-\u00eatre de la population. Mes coll\u00e8gues ministres sont l\u00e0, ils peuvent en t\u00e9moigner. Quand nous sommes en r\u00e9union avec lui, il nous dit toujours que nous n\u2019avons encore rien fait et nous demande d\u2019aller faire mieux afin de rendre service \u00e0 la population. \u00c0 partir d\u2019aujourd\u2019hui, le fr\u00e8re, le p\u00e8re et la m\u00e8re de Mamadi Doumbouya, c\u2019est la commune de Kaloum. \u00bb<\/strong><\/p>\n<p><a href=\"https:\/\/guineechrono.com\/wp-content\/uploads\/2025\/02\/IMG-20250226-WA0018.jpg\"><img fetchpriority=\"high\" decoding=\"async\" class=\"alignnone size-medium wp-image-35045\" src=\"https:\/\/guineechrono.com\/wp-content\/uploads\/2025\/02\/IMG-20250226-WA0018-300x169.jpg\" alt=\"\" width=\"300\" height=\"169\" srcset=\"https:\/\/guineechrono.com\/wp-content\/uploads\/2025\/02\/IMG-20250226-WA0018-300x169.jpg 300w, https:\/\/guineechrono.com\/wp-content\/uploads\/2025\/02\/IMG-20250226-WA0018-1024x576.jpg 1024w, https:\/\/guineechrono.com\/wp-content\/uploads\/2025\/02\/IMG-20250226-WA0018-768x432.jpg 768w, https:\/\/guineechrono.com\/wp-content\/uploads\/2025\/02\/IMG-20250226-WA0018-696x392.jpg 696w, https:\/\/guineechrono.com\/wp-content\/uploads\/2025\/02\/IMG-20250226-WA0018-746x420.jpg 746w, https:\/\/guineechrono.com\/wp-content\/uploads\/2025\/02\/IMG-20250226-WA0018.jpg 1032w\" sizes=\"(max-width: 300px) 100vw, 300px\" \/><\/a><\/p>\n<p>De son c\u00f4t\u00e9, <strong>Ousmane Cont\u00e9, coordinateur g\u00e9n\u00e9ral du mouvement Kaloum Kha Mamadi Doumbouya (KMD)<\/strong>, a r\u00e9affirm\u00e9 son engagement \u00e0 soutenir le G\u00e9n\u00e9ral Doumbouya dans ses initiatives visant \u00e0 hisser la Guin\u00e9e au plus haut niveau. Il a \u00e9galement exhort\u00e9 les Kaloumkas \u00e0 soutenir les id\u00e9aux de refondation pr\u00f4n\u00e9s par le Pr\u00e9sident de la R\u00e9publique.<\/p>\n<p>Enfin, il a mis en avant la vision <strong>Simandou 2040<\/strong>, qui pr\u00e9voit la cr\u00e9ation de nombreux emplois en Guin\u00e9e, ainsi que la construction d\u2019infrastructures essentielles telles que des routes nationales, des h\u00f4pitaux, des \u00e9coles et plusieurs autres projets en cours de r\u00e9alisation dans le cadre du d\u00e9veloppement du pays.<\/p>\n<p><strong>Kerfala Tour\u00e9 \u2013 626 41 92 88<\/strong><\/p>\n","protected":false},"excerpt":{"rendered":"<p>Dans le cadre du soutien aux id\u00e9aux du CNRD et \u00e0 son pr\u00e9sident, le G\u00e9n\u00e9ral Mamadi Doumbouya, les jeunes du mouvement d\u00e9nomm\u00e9 \u00ab Kaloum Kha Mamadi Doumbouya \u00bb ont organis\u00e9, ce mardi 25 f\u00e9vrier 2025, la c\u00e9r\u00e9monie officielle de lancement de leur mouvement. L\u2019\u00e9v\u00e9nement s\u2019est tenu au Boulevard Telly Diallo \u00e0 Sandervalia, dans la commune [&hellip;]<\/p>\n","protected":false},"author":2,"featured_media":35046,"comment_status":"open","ping_status":"closed","sticky":false,"template":"","format":"standard","meta":{"buzzeditor_post_format":"","footnotes":""},"categories":[2,42,43],"tags":[],"class_list":["post-35043","post","type-post","status-publish","format-standard","has-post-thumbnail","hentry","category-featured","category-news","category-politique"],"jetpack_featured_media_url":"https:\/\/guineechrono.com\/wp-content\/uploads\/2025\/02\/IMG-20250226-WA0019.jpg","amp_enabled":true,"_links":{"self":[{"href":"https:\/\/guineechrono.com\/index.php\/wp-json\/wp\/v2\/posts\/35043","targetHints":{"allow":["GET"]}}],"collection":[{"href":"https:\/\/guineechrono.com\/index.php\/wp-json\/wp\/v2\/posts"}],"about":[{"href":"https:\/\/guineechrono.com\/index.php\/wp-json\/wp\/v2\/types\/post"}],"author":[{"embeddable":true,"href":"https:\/\/guineechrono.com\/index.php\/wp-json\/wp\/v2\/users\/2"}],"replies":[{"embeddable":true,"href":"https:\/\/guineechrono.com\/index.php\/wp-json\/wp\/v2\/comments?post=35043"}],"version-history":[{"count":1,"href":"https:\/\/guineechrono.com\/index.php\/wp-json\/wp\/v2\/posts\/35043\/revisions"}],"predecessor-version":[{"id":35047,"href":"https:\/\/guineechrono.com\/index.php\/wp-json\/wp\/v2\/posts\/35043\/revisions\/35047"}],"wp:featuredmedia":[{"embeddable":true,"href":"https:\/\/guineechrono.com\/index.php\/wp-json\/wp\/v2\/media\/35046"}],"wp:attachment":[{"href":"https:\/\/guineechrono.com\/index.php\/wp-json\/wp\/v2\/media?parent=35043"}],"wp:term":[{"taxonomy":"category","embeddable":true,"href":"https:\/\/guineechrono.com\/index.php\/wp-json\/wp\/v2\/categories?post=35043"},{"taxonomy":"post_tag","embeddable":true,"href":"https:\/\/guineechrono.com\/index.php\/wp-json\/wp\/v2\/tags?post=35043"}],"curies":[{"name":"wp","href":"https:\/\/api.w.org\/{rel}","templated":true}]}}