{"id":35056,"date":"2025-02-28T13:20:21","date_gmt":"2025-02-28T12:20:21","guid":{"rendered":"https:\/\/guineechrono.com\/?p=35056"},"modified":"2025-02-28T13:20:21","modified_gmt":"2025-02-28T12:20:21","slug":"societe-civile-le-consortium-jeunesse-guinee-lance-officiellement-ses-activites-a-conakry","status":"publish","type":"post","link":"https:\/\/guineechrono.com\/index.php\/societe-civile-le-consortium-jeunesse-guinee-lance-officiellement-ses-activites-a-conakry\/","title":{"rendered":"Soci\u00e9t\u00e9 civile : Le Consortium Jeunesse Guin\u00e9e lance officiellement ses activit\u00e9s \u00e0 Conakry"},"content":{"rendered":"<p><strong>Une nouvelle structure de la soci\u00e9t\u00e9 civile guin\u00e9enne a vu le jour. Il s\u2019agit du Consortium Jeunesse Guin\u00e9e (CJeG), qui a lanc\u00e9 officiellement ses activit\u00e9s le jeudi 27 f\u00e9vrier 2025 \u00e0 Conakry.<\/strong><\/p>\n<p>Selon les organisateurs, ce consortium a pour objectif de contribuer au d\u00e9veloppement socio\u00e9conomique et durable de la Guin\u00e9e, en r\u00e9unissant au sein de sa structure des grandes organisations fa\u00eeti\u00e8res des jeunes.<\/p>\n<figure id=\"attachment_35058\" aria-describedby=\"caption-attachment-35058\" style=\"width: 300px\" class=\"wp-caption alignnone\"><a href=\"https:\/\/guineechrono.com\/wp-content\/uploads\/2025\/02\/Bangaly-scaled.jpg\"><img fetchpriority=\"high\" decoding=\"async\" class=\"size-medium wp-image-35058\" src=\"https:\/\/guineechrono.com\/wp-content\/uploads\/2025\/02\/Bangaly-300x169.jpg\" alt=\"\" width=\"300\" height=\"169\" srcset=\"https:\/\/guineechrono.com\/wp-content\/uploads\/2025\/02\/Bangaly-300x169.jpg 300w, https:\/\/guineechrono.com\/wp-content\/uploads\/2025\/02\/Bangaly-1024x576.jpg 1024w, https:\/\/guineechrono.com\/wp-content\/uploads\/2025\/02\/Bangaly-768x432.jpg 768w, https:\/\/guineechrono.com\/wp-content\/uploads\/2025\/02\/Bangaly-1536x864.jpg 1536w, https:\/\/guineechrono.com\/wp-content\/uploads\/2025\/02\/Bangaly-2048x1152.jpg 2048w, https:\/\/guineechrono.com\/wp-content\/uploads\/2025\/02\/Bangaly-696x392.jpg 696w, https:\/\/guineechrono.com\/wp-content\/uploads\/2025\/02\/Bangaly-1068x601.jpg 1068w, https:\/\/guineechrono.com\/wp-content\/uploads\/2025\/02\/Bangaly-747x420.jpg 747w, https:\/\/guineechrono.com\/wp-content\/uploads\/2025\/02\/Bangaly-1920x1080.jpg 1920w\" sizes=\"(max-width: 300px) 100vw, 300px\" \/><\/a><figcaption id=\"caption-attachment-35058\" class=\"wp-caption-text\">Exif_JPEG_420<\/figcaption><\/figure>\n<p>Dans son discours de circonstance, Monsieur Bangaly Camara, directeur g\u00e9n\u00e9ral de LEGEPAD\u00a0est revenu sur le but de la rencontre. \u00ab\u00a0Nous sommes r\u00e9unis ici avec un objectif clair. \u00a0Renforcer notre plaidoyer pour une meilleure prise en compte des initiatives des jeunes. En mobilisant les ressources et les partenaires n\u00e9cessaires \u00e0 leur r\u00e9ussite. Notre conviction ait que, la jeunesse lorsqu\u2019elle est soutenue et accompagn\u00e9e, est capable de transformer positivement son environnement et d\u2019impulser des dynamiques de changements durables. Le consortium jeunesse guin\u00e9e en collaboration avec les autres consortiums du sahel jouent un r\u00f4le cl\u00e9 dans cette mobilisation collective\u00a0\u00bb, dit-il.<\/p>\n<figure id=\"attachment_35059\" aria-describedby=\"caption-attachment-35059\" style=\"width: 300px\" class=\"wp-caption alignnone\"><a href=\"https:\/\/guineechrono.com\/wp-content\/uploads\/2025\/02\/IMG_20250227_101917-scaled.jpg\"><img decoding=\"async\" class=\"size-medium wp-image-35059\" src=\"https:\/\/guineechrono.com\/wp-content\/uploads\/2025\/02\/IMG_20250227_101917-300x169.jpg\" alt=\"\" width=\"300\" height=\"169\" srcset=\"https:\/\/guineechrono.com\/wp-content\/uploads\/2025\/02\/IMG_20250227_101917-300x169.jpg 300w, https:\/\/guineechrono.com\/wp-content\/uploads\/2025\/02\/IMG_20250227_101917-1024x576.jpg 1024w, https:\/\/guineechrono.com\/wp-content\/uploads\/2025\/02\/IMG_20250227_101917-768x432.jpg 768w, https:\/\/guineechrono.com\/wp-content\/uploads\/2025\/02\/IMG_20250227_101917-1536x864.jpg 1536w, https:\/\/guineechrono.com\/wp-content\/uploads\/2025\/02\/IMG_20250227_101917-2048x1152.jpg 2048w, https:\/\/guineechrono.com\/wp-content\/uploads\/2025\/02\/IMG_20250227_101917-696x392.jpg 696w, https:\/\/guineechrono.com\/wp-content\/uploads\/2025\/02\/IMG_20250227_101917-1068x601.jpg 1068w, https:\/\/guineechrono.com\/wp-content\/uploads\/2025\/02\/IMG_20250227_101917-747x420.jpg 747w, https:\/\/guineechrono.com\/wp-content\/uploads\/2025\/02\/IMG_20250227_101917-1920x1080.jpg 1920w\" sizes=\"(max-width: 300px) 100vw, 300px\" \/><\/a><figcaption id=\"caption-attachment-35059\" class=\"wp-caption-text\">Exif_JPEG_420<\/figcaption><\/figure>\n<p>Pour sa part, le repr\u00e9sentant du minist\u00e8re de la jeunesse et des sports, Youssouf Saran Donzo, directeur national de l\u2019emploi et de l\u2019auto-emploi des jeunes a exprim\u00e9 sa satisfaction vis-\u00e0-vis de ce projet. \u00abCe que nous avons voulu dire comme message, c\u2019est que les jeunes sont la force motrice du d\u00e9veloppement. Selon les derni\u00e8res statistiques, les jeunes repr\u00e9sentent 77,3% de la population guin\u00e9enne. \u00a0Donc, ils doivent avoir une vision qui vise la coh\u00e9sion sociale, le d\u00e9veloppement du pays, mais aussi leur participation effective au processus de d\u00e9veloppement \u00bb.<\/p>\n<p>Il faut signaler que cet atelier a \u00e9t\u00e9 marqu\u00e9 par la pr\u00e9sence de plusieurs institutions internationales.<\/p>\n<p><strong>Camara Aboubacar <\/strong><\/p>\n<p>&nbsp;<\/p>\n<p>&nbsp;<\/p>\n","protected":false},"excerpt":{"rendered":"<p>Une nouvelle structure de la soci\u00e9t\u00e9 civile guin\u00e9enne a vu le jour. Il s\u2019agit du Consortium Jeunesse Guin\u00e9e (CJeG), qui a lanc\u00e9 officiellement ses activit\u00e9s le jeudi 27 f\u00e9vrier 2025 \u00e0 Conakry. Selon les organisateurs, ce consortium a pour objectif de contribuer au d\u00e9veloppement socio\u00e9conomique et durable de la Guin\u00e9e, en r\u00e9unissant au sein de [&hellip;]<\/p>\n","protected":false},"author":2,"featured_media":35057,"comment_status":"open","ping_status":"closed","sticky":false,"template":"","format":"standard","meta":{"buzzeditor_post_format":"","footnotes":""},"categories":[42],"tags":[],"class_list":["post-35056","post","type-post","status-publish","format-standard","has-post-thumbnail","hentry","category-news"],"jetpack_featured_media_url":"https:\/\/guineechrono.com\/wp-content\/uploads\/2025\/02\/consortium-scaled.jpg","amp_enabled":true,"_links":{"self":[{"href":"https:\/\/guineechrono.com\/index.php\/wp-json\/wp\/v2\/posts\/35056","targetHints":{"allow":["GET"]}}],"collection":[{"href":"https:\/\/guineechrono.com\/index.php\/wp-json\/wp\/v2\/posts"}],"about":[{"href":"https:\/\/guineechrono.com\/index.php\/wp-json\/wp\/v2\/types\/post"}],"author":[{"embeddable":true,"href":"https:\/\/guineechrono.com\/index.php\/wp-json\/wp\/v2\/users\/2"}],"replies":[{"embeddable":true,"href":"https:\/\/guineechrono.com\/index.php\/wp-json\/wp\/v2\/comments?post=35056"}],"version-history":[{"count":1,"href":"https:\/\/guineechrono.com\/index.php\/wp-json\/wp\/v2\/posts\/35056\/revisions"}],"predecessor-version":[{"id":35060,"href":"https:\/\/guineechrono.com\/index.php\/wp-json\/wp\/v2\/posts\/35056\/revisions\/35060"}],"wp:featuredmedia":[{"embeddable":true,"href":"https:\/\/guineechrono.com\/index.php\/wp-json\/wp\/v2\/media\/35057"}],"wp:attachment":[{"href":"https:\/\/guineechrono.com\/index.php\/wp-json\/wp\/v2\/media?parent=35056"}],"wp:term":[{"taxonomy":"category","embeddable":true,"href":"https:\/\/guineechrono.com\/index.php\/wp-json\/wp\/v2\/categories?post=35056"},{"taxonomy":"post_tag","embeddable":true,"href":"https:\/\/guineechrono.com\/index.php\/wp-json\/wp\/v2\/tags?post=35056"}],"curies":[{"name":"wp","href":"https:\/\/api.w.org\/{rel}","templated":true}]}}