{"id":35163,"date":"2025-03-15T16:57:59","date_gmt":"2025-03-15T15:57:59","guid":{"rendered":"https:\/\/guineechrono.com\/?p=35163"},"modified":"2025-03-17T15:33:21","modified_gmt":"2025-03-17T14:33:21","slug":"conakry-kpc-linitiateur-de-la-synergie-general-mamadi-doumbouya-25-partage-le-repas-avec-des-fideles-musulmans-et-chretiens","status":"publish","type":"post","link":"https:\/\/guineechrono.com\/index.php\/conakry-kpc-linitiateur-de-la-synergie-general-mamadi-doumbouya-25-partage-le-repas-avec-des-fideles-musulmans-et-chretiens\/","title":{"rendered":"Conakry: KPC, l\u2019initiateur de la Synergie G\u00e9n\u00e9ral Mamadi Doumbouya 25 partage le repas avec des  fid\u00e8les musulmans et chr\u00e9tiens"},"content":{"rendered":"<p><strong>L\u2019homme d\u2019affaires, Kerfalla Person CAMARA, PDG du groupe GUICOPRES, a partag\u00e9 le repas ce vendredi 14 mars 2025 avec les membres de la Synergie G\u00e9n\u00e9ral Mamadi Doumbouya 25 (SGMG25), des fid\u00e8les musulmans et chr\u00e9tiens en ce mois seint de Ramadan.<\/strong><\/p>\n<p>Cette initiative vise \u00e0 unir les guin\u00e9ens au tour des id\u00e9aux \u00a0de la paix et de la refondation pr\u00f4n\u00e9 par le CNRD, depuis la prise effective du pouvoir par le g\u00e9n\u00e9ral Mamadi Doumbouya.<\/p>\n<p>La c\u00e9r\u00e9monie de rupture collective de je\u00fbne a mobilis\u00e9 les membres, sympathisants et amis \u00a0de la SGMD25.<\/p>\n<p>Prenant la parole, Honorable Cheich Traor\u00e9, vice-president de la SGMD25 a rappel\u00e9 l\u2019objectif de la rencontre. \u00ab\u00a0C\u2019est M. Kerfalla Camara et sa famille qui ont, de leur propre volont\u00e9, invit\u00e9 la Synergie, ainsi que tous les partis politiques, mouvements, syndicats, acteurs de la soci\u00e9t\u00e9 civile, personnes ressources et autres membres qui composent aujourd\u2019hui la Synergie G\u00e9n\u00e9rale Mamadi Doumbouya 2025 pour le dialogue et la paix, \u00e0 participer \u00e0 cette rupture collective. Cette initiative r\u00e9pond aux principes pr\u00f4n\u00e9s par la soci\u00e9t\u00e9 et les religions, notamment le Ramadan et le Car\u00eame chr\u00e9tien. Ce fut aussi l\u2019occasion de remercier ceux qui ont accept\u00e9 de rejoindre la synergie \u00e0 sa cr\u00e9ation. La Synergie a \u00e9t\u00e9 cr\u00e9\u00e9e pour soutenir le g\u00e9n\u00e9ral Mamadi Doumbouya et pour faire reconna\u00eetre par le peuple de Guin\u00e9e les acquis qu\u2019il a r\u00e9alis\u00e9s. Cela permet \u00e9galement de promouvoir l\u2019image et la r\u00e9putation du g\u00e9n\u00e9ral Mamadi Doumbouya, \u00e0 travers un bel outil que le ministre Makanera Kak\u00e9, coordinateur g\u00e9n\u00e9ral, accompagne et entoure d\u2019hommes et de femmes d\u00e9termin\u00e9s \u00e0 aller plus loin, comme pr\u00e9vu .\u00bb<\/p>\n<p>De son c\u00f4t\u00e9, le coordinateur national de la SGMD25, Alhousseny Makanera Kak\u00e9 a tout d\u2019abord,\u00a0 salu\u00e9,\u00a0 f\u00e9licit\u00e9,\u00a0et remerci\u00e9 tous ceux qui ont accept\u00e9 de prendre part \u00e0 cette rupture collective de je\u00fbne,\u00a0 mais particuli\u00e8rement \u00e0 Kerfalla Camara KPC et sa famille.<\/p>\n<p><a href=\"https:\/\/guineechrono.com\/wp-content\/uploads\/2025\/03\/IMG-20250315-WA0086.jpg\"><img decoding=\"async\" class=\"alignnone size-medium wp-image-35165\" src=\"https:\/\/guineechrono.com\/wp-content\/uploads\/2025\/03\/IMG-20250315-WA0086-300x135.jpg\" alt=\"\" width=\"300\" height=\"135\" srcset=\"https:\/\/guineechrono.com\/wp-content\/uploads\/2025\/03\/IMG-20250315-WA0086-300x135.jpg 300w, https:\/\/guineechrono.com\/wp-content\/uploads\/2025\/03\/IMG-20250315-WA0086-1024x461.jpg 1024w, https:\/\/guineechrono.com\/wp-content\/uploads\/2025\/03\/IMG-20250315-WA0086-768x346.jpg 768w, https:\/\/guineechrono.com\/wp-content\/uploads\/2025\/03\/IMG-20250315-WA0086-696x313.jpg 696w, https:\/\/guineechrono.com\/wp-content\/uploads\/2025\/03\/IMG-20250315-WA0086-1068x481.jpg 1068w, https:\/\/guineechrono.com\/wp-content\/uploads\/2025\/03\/IMG-20250315-WA0086-933x420.jpg 933w, https:\/\/guineechrono.com\/wp-content\/uploads\/2025\/03\/IMG-20250315-WA0086.jpg 1280w\" sizes=\"(max-width: 300px) 100vw, 300px\" \/><\/a><\/p>\n<p>Selon Makanera, ce geste\u00a0 de rupture collective de je\u00fbne, venant de son fr\u00e8re Kerfalla Person Camara, n\u2019est pas une surprise, que Mr Camara soit celui-l\u00e0 m\u00eame qui a initi\u00e9,\u00a0 soutenu ce que nous avons aujourd\u2019hui comme la SGMD25. \u00a0\u00ab\u00a0Un Mamadi Doumbouya, leadership b\u00e2tisseur, Mr Camara KPC leader des BTP,\u00a0 pas que seulement, mais leader dans tous les domaines. Pour la preuve la plus \u00e9loquente,\u00a0 c\u2019est ce qu\u2019il vient de nous offrir ce soir\u00a0\u00bb.<\/p>\n<p>Pour l\u2019ancien ministre de la communication, la Synergie est n\u00e9e il y a peu de temps.<\/p>\n<p>\u00ab\u00a0En peu de temps,\u00a0 gr\u00e2ce au soutien de KPC et surtout,\u00a0 sous leadership \u00e9clair\u00e9 du Pr\u00e9sident Mamadi Doumbouya,\u00a0 qui est une tr\u00e8s bonne marchandise vendable, nous avons re\u00e7u \u00e0\u00a0 transformer en peu de temps,\u00a0 un ruisseau \u00e0 un grand oc\u00e9an. Aujourd\u2019hui, partout \u00e0\u00a0 travers la Guin\u00e9e et le monde, on ne parle que de la Synergie. Quand les autres cherchent \u00e0 financer,\u00a0 \u00e0 instrumentaliser pour qu\u2019ils soient re\u00e7u, nous c\u2019est la population qui nous prie pour organiser des r\u00e9ceptions\u00a0 pour nous et ce n\u2019est pas en Guin\u00e9e seulement. \u00a0 Je vous informe que, vers le 25 du mois de mai,\u00a0 la Synergie est invit\u00e9 par le parlement europ\u00e9en de Bruxelles, pour une intervention publique, suivi d\u2019un meeting g\u00e9ant et un concert. Et, nous n\u2019avons envoy\u00e9 aucun franc. Parce qu\u2019ils ont estim\u00e9 que, tout ceux qui aiment la Guin\u00e9e, doivent \u00eatre avec la Synergie et cela est \u00e0 l\u2019honneur de Mr KPC\u00a0\u00bb.<\/p>\n<p><strong>Aboubacar P Camara <\/strong><\/p>\n<p>&nbsp;<\/p>\n","protected":false},"excerpt":{"rendered":"<p>L\u2019homme d\u2019affaires, Kerfalla Person CAMARA, PDG du groupe GUICOPRES, a partag\u00e9 le repas ce vendredi 14 mars 2025 avec les membres de la Synergie G\u00e9n\u00e9ral Mamadi Doumbouya 25 (SGMG25), des fid\u00e8les musulmans et chr\u00e9tiens en ce mois seint de Ramadan. Cette initiative vise \u00e0 unir les guin\u00e9ens au tour des id\u00e9aux \u00a0de la paix et [&hellip;]<\/p>\n","protected":false},"author":2,"featured_media":35164,"comment_status":"open","ping_status":"closed","sticky":false,"template":"","format":"standard","meta":{"buzzeditor_post_format":"","footnotes":""},"categories":[2,42,46],"tags":[],"class_list":["post-35163","post","type-post","status-publish","format-standard","has-post-thumbnail","hentry","category-featured","category-news","category-societe"],"jetpack_featured_media_url":"https:\/\/guineechrono.com\/wp-content\/uploads\/2025\/03\/IMG-20250315-WA0129.jpg","amp_enabled":true,"_links":{"self":[{"href":"https:\/\/guineechrono.com\/index.php\/wp-json\/wp\/v2\/posts\/35163","targetHints":{"allow":["GET"]}}],"collection":[{"href":"https:\/\/guineechrono.com\/index.php\/wp-json\/wp\/v2\/posts"}],"about":[{"href":"https:\/\/guineechrono.com\/index.php\/wp-json\/wp\/v2\/types\/post"}],"author":[{"embeddable":true,"href":"https:\/\/guineechrono.com\/index.php\/wp-json\/wp\/v2\/users\/2"}],"replies":[{"embeddable":true,"href":"https:\/\/guineechrono.com\/index.php\/wp-json\/wp\/v2\/comments?post=35163"}],"version-history":[{"count":3,"href":"https:\/\/guineechrono.com\/index.php\/wp-json\/wp\/v2\/posts\/35163\/revisions"}],"predecessor-version":[{"id":35168,"href":"https:\/\/guineechrono.com\/index.php\/wp-json\/wp\/v2\/posts\/35163\/revisions\/35168"}],"wp:featuredmedia":[{"embeddable":true,"href":"https:\/\/guineechrono.com\/index.php\/wp-json\/wp\/v2\/media\/35164"}],"wp:attachment":[{"href":"https:\/\/guineechrono.com\/index.php\/wp-json\/wp\/v2\/media?parent=35163"}],"wp:term":[{"taxonomy":"category","embeddable":true,"href":"https:\/\/guineechrono.com\/index.php\/wp-json\/wp\/v2\/categories?post=35163"},{"taxonomy":"post_tag","embeddable":true,"href":"https:\/\/guineechrono.com\/index.php\/wp-json\/wp\/v2\/tags?post=35163"}],"curies":[{"name":"wp","href":"https:\/\/api.w.org\/{rel}","templated":true}]}}