{"id":35181,"date":"2025-03-17T22:34:20","date_gmt":"2025-03-17T21:34:20","guid":{"rendered":"https:\/\/guineechrono.com\/?p=35181"},"modified":"2025-03-17T22:39:13","modified_gmt":"2025-03-17T21:39:13","slug":"kountigui-de-la-basse-cote-des-sages-demandent-une-reconnaissance-officielle-du-kountigui-elhadj-moustapha-kaba","status":"publish","type":"post","link":"https:\/\/guineechrono.com\/index.php\/kountigui-de-la-basse-cote-des-sages-demandent-une-reconnaissance-officielle-du-kountigui-elhadj-moustapha-kaba\/","title":{"rendered":"Basse-C\u00f4te : Des sages demandent une reconnaissance officielle du Kountigui Elhadj Moustapha Kaba"},"content":{"rendered":"<p><b>La succession du Kountigui de la Basse-C\u00f4te, apr\u00e8s le d\u00e9c\u00e8s d\u2019Elhadj Sekhouna Soumah, continue de susciter de vives tensions au sein des sages et notables de la r\u00e9gion du Basse-C\u00f4te. Depuis les fun\u00e9railles du d\u00e9funt leader, plusieurs figures ont \u00e9t\u00e9 d\u00e9sign\u00e9es comme pr\u00e9tendants \u00e0 cette responsabilit\u00e9, provoquant des divisions au sein de la communaut\u00e9.<\/b><\/p>\n<p><a href=\"https:\/\/guineechrono.com\/wp-content\/uploads\/2025\/03\/20250317_121621-1-scaled.jpg\"><img fetchpriority=\"high\" decoding=\"async\" class=\"alignnone size-medium wp-image-35184\" src=\"https:\/\/guineechrono.com\/wp-content\/uploads\/2025\/03\/20250317_121621-1-300x169.jpg\" alt=\"\" width=\"300\" height=\"169\" srcset=\"https:\/\/guineechrono.com\/wp-content\/uploads\/2025\/03\/20250317_121621-1-300x169.jpg 300w, https:\/\/guineechrono.com\/wp-content\/uploads\/2025\/03\/20250317_121621-1-1024x576.jpg 1024w, https:\/\/guineechrono.com\/wp-content\/uploads\/2025\/03\/20250317_121621-1-768x432.jpg 768w, https:\/\/guineechrono.com\/wp-content\/uploads\/2025\/03\/20250317_121621-1-1536x864.jpg 1536w, https:\/\/guineechrono.com\/wp-content\/uploads\/2025\/03\/20250317_121621-1-2048x1153.jpg 2048w, https:\/\/guineechrono.com\/wp-content\/uploads\/2025\/03\/20250317_121621-1-696x392.jpg 696w, https:\/\/guineechrono.com\/wp-content\/uploads\/2025\/03\/20250317_121621-1-1068x601.jpg 1068w, https:\/\/guineechrono.com\/wp-content\/uploads\/2025\/03\/20250317_121621-1-746x420.jpg 746w, https:\/\/guineechrono.com\/wp-content\/uploads\/2025\/03\/20250317_121621-1-1920x1080.jpg 1920w\" sizes=\"(max-width: 300px) 100vw, 300px\" \/><\/a><\/p>\n<p>Dans son allocution, Elhadj Ahmed Sylla l&rsquo;un des de Boffa est revenu sur la gen\u00e8se des fait.<br \/>\n\u00a0\u00bb D\u00e8s les premiers jours apr\u00e8s le d\u00e9c\u00e8s d\u2019Elhadj Sekhouna Soumah, Elhadj Mamoudou a \u00e9t\u00e9 choisi pour assurer l\u2019int\u00e9rim et veiller sur la maison du d\u00e9funt. Cependant, quelques jours plus tard, un groupe l\u2019a officiellement d\u00e9sign\u00e9 comme successeur. Cette d\u00e9cision a \u00e9t\u00e9 contest\u00e9e par une partie des sages, qui ont rappel\u00e9 l\u2019existence d\u2019un communiqu\u00e9 suspendant toute d\u00e9signation jusqu\u2019\u00e0 la fin du grand sacrifice en m\u00e9moire du d\u00e9funt.<br \/>\nMalgr\u00e9 cet appel au respect du d\u00e9lai, une nouvelle d\u00e9signation a eu lieu, cette fois en faveur d\u2019Elhadj Sounna Yansan\u00e9, tandis qu\u2019Elhadj Mamoudou Camara de Kindia \u00e9tait \u00e9galement reconnu par un autre groupe comme le successeur l\u00e9gitime. Cette dualit\u00e9 a conduit \u00e0 des affrontements entre les partisans des deux camps lors du sacrifice organis\u00e9 pour le repos de l\u2019\u00e2me du d\u00e9funt Kountigui.<\/p>\n<p>Face \u00e0 cette impasse, les sages de la Basse-Guin\u00e9e, repr\u00e9sentant les 14 ethnies des r\u00e9gions de Bok\u00e9, Boffa, Fria, Coyah, Dubr\u00e9ka, For\u00e9cariah ainsi que ceux de Conakry, se sont r\u00e9unis \u00e0 Gbessia chez Elhadj Algassimou Tafsir Ciss\u00e9. Apr\u00e8s concertation, ils ont estim\u00e9 que le climat de d\u00e9saccord entre Elhadj Mamoudou Camara et Elhadj Sounna Yansan\u00e9 n\u00e9cessitait un arbitrage. Ainsi, ils ont choisi Elhadj Moustapha Kaba comme <b>Kountiguigb\u00e9 <\/b>(responsable moral) de la Basse-Guin\u00e9e, dans l\u2019espoir de mettre fin aux tensions.<\/p>\n<p>Cependant, cette d\u00e9cision n\u2019a pas permis d\u2019apaiser compl\u00e8tement les tensions. Des d\u00e9marches ont \u00e9t\u00e9 entreprises pour rassembler les factions oppos\u00e9es, mais selon Elhadj Ahmed Sylla, elles n\u2019ont pas abouti en raison de la m\u00e9fiance persistante et de ce qu\u2019il qualifie de \u00ab\u00a0trahison\u00a0\u00bb de certains cadres de la r\u00e9gion.<br \/>\nIl a ensuite soulign\u00e9 ceci: \u00a0\u00bb La d\u00e9signation d\u2019Elhadj Mamoudou Camara a \u00e9t\u00e9 instrumentalis\u00e9e politiquement, ce qui a conduit \u00e0 une rupture profonde au sein de la communaut\u00e9\u00a0\u00bb, d\u00e9clare-t-il.<\/p>\n<p>Selon lui, la situation a \u00e9t\u00e9 aggrav\u00e9e par la volont\u00e9 de certains de restreindre l\u2019accession au titre de Kountigui aux seules familles portant les noms Camara, Soumah, Sylla ou Bangoura. Est-ce que nous voulons construire le pays ou le diviser ?\u00a0\u00bb s\u2019interroge .<br \/>\nPour terminer, ces sages de la Basse-Guin\u00e9e demandent une reconnaissance officielle du Kountigui d\u00e9sign\u00e9 par leurs soins, \u00e0 savoir Elhadj Moustapha Kaba. \u00ab\u00a0Nous demandons au gouvernement de nous \u00e9couter et de respecter la volont\u00e9 de nos organisations, tout comme cela a \u00e9t\u00e9 fait pour le groupe d\u2019Elhadj Mamoudou Camara\u00a0\u00bb, conclut Elhadj Ahmed Sylla un repr\u00e9sentant du camp Kaba.<\/p>\n<p><strong>Bolokada Sano<\/strong><br \/>\n<strong>626641732<\/strong><br \/>\n<!--\/data\/user\/0\/com.samsung.android.app.notes\/files\/clipdata\/clipdata_bodytext_250317_211741_736.sdocx--><\/p>\n","protected":false},"excerpt":{"rendered":"<p>La succession du Kountigui de la Basse-C\u00f4te, apr\u00e8s le d\u00e9c\u00e8s d\u2019Elhadj Sekhouna Soumah, continue de susciter de vives tensions au sein des sages et notables de la r\u00e9gion du Basse-C\u00f4te. Depuis les fun\u00e9railles du d\u00e9funt leader, plusieurs figures ont \u00e9t\u00e9 d\u00e9sign\u00e9es comme pr\u00e9tendants \u00e0 cette responsabilit\u00e9, provoquant des divisions au sein de la communaut\u00e9. Dans [&hellip;]<\/p>\n","protected":false},"author":2,"featured_media":35186,"comment_status":"open","ping_status":"closed","sticky":false,"template":"","format":"standard","meta":{"buzzeditor_post_format":"","footnotes":""},"categories":[2,42,46],"tags":[],"class_list":["post-35181","post","type-post","status-publish","format-standard","has-post-thumbnail","hentry","category-featured","category-news","category-societe"],"jetpack_featured_media_url":"https:\/\/guineechrono.com\/wp-content\/uploads\/2025\/03\/20250317_120135-scaled.jpg","amp_enabled":true,"_links":{"self":[{"href":"https:\/\/guineechrono.com\/index.php\/wp-json\/wp\/v2\/posts\/35181","targetHints":{"allow":["GET"]}}],"collection":[{"href":"https:\/\/guineechrono.com\/index.php\/wp-json\/wp\/v2\/posts"}],"about":[{"href":"https:\/\/guineechrono.com\/index.php\/wp-json\/wp\/v2\/types\/post"}],"author":[{"embeddable":true,"href":"https:\/\/guineechrono.com\/index.php\/wp-json\/wp\/v2\/users\/2"}],"replies":[{"embeddable":true,"href":"https:\/\/guineechrono.com\/index.php\/wp-json\/wp\/v2\/comments?post=35181"}],"version-history":[{"count":2,"href":"https:\/\/guineechrono.com\/index.php\/wp-json\/wp\/v2\/posts\/35181\/revisions"}],"predecessor-version":[{"id":35188,"href":"https:\/\/guineechrono.com\/index.php\/wp-json\/wp\/v2\/posts\/35181\/revisions\/35188"}],"wp:featuredmedia":[{"embeddable":true,"href":"https:\/\/guineechrono.com\/index.php\/wp-json\/wp\/v2\/media\/35186"}],"wp:attachment":[{"href":"https:\/\/guineechrono.com\/index.php\/wp-json\/wp\/v2\/media?parent=35181"}],"wp:term":[{"taxonomy":"category","embeddable":true,"href":"https:\/\/guineechrono.com\/index.php\/wp-json\/wp\/v2\/categories?post=35181"},{"taxonomy":"post_tag","embeddable":true,"href":"https:\/\/guineechrono.com\/index.php\/wp-json\/wp\/v2\/tags?post=35181"}],"curies":[{"name":"wp","href":"https:\/\/api.w.org\/{rel}","templated":true}]}}