{"id":35192,"date":"2025-03-19T12:16:48","date_gmt":"2025-03-19T11:16:48","guid":{"rendered":"https:\/\/guineechrono.com\/?p=35192"},"modified":"2025-03-19T12:16:48","modified_gmt":"2025-03-19T11:16:48","slug":"ministere-de-linformation-et-de-la-communication-ibrahima-sory-cisse-promet-des-radios-rurales-modernes-et-accessibles","status":"publish","type":"post","link":"https:\/\/guineechrono.com\/index.php\/ministere-de-linformation-et-de-la-communication-ibrahima-sory-cisse-promet-des-radios-rurales-modernes-et-accessibles\/","title":{"rendered":"Minist\u00e8re de l\u2019information et de la communication : Ibrahima Sory Ciss\u00e9 promet des radios rurales modernes et accessibles"},"content":{"rendered":"<p><strong>Ce mardi 18 mars 2025, les cadres promus au d\u00e9partement de l\u2019Information et de la Communication, \u00e9voluant \u00e0 Boulbinet, ont \u00e9t\u00e9 install\u00e9s dans leurs fonctions par M. l\u2019inspecteur g\u00e9n\u00e9ral Isma\u00ebl Fanta TRAOR\u00c9. Quelques heures apr\u00e8s sa prise de fonction, le directeur g\u00e9n\u00e9ral de la Radio Rurale de Guin\u00e9e, Ibrahima Sory Ciss\u00e9, pr\u00e9c\u00e9demment directeur g\u00e9n\u00e9ral adjoint de la Radio Rurale de Guin\u00e9e, a confi\u00e9 sa volont\u00e9 de poursuivre ses nombreux efforts pour rendre la radio plus proche des citoyens.<\/strong><\/p>\n<p><strong>Apr\u00e8s deux ans pass\u00e9s au poste de directeur g\u00e9n\u00e9ral adjoint (DGA) de la Radio Rurale, vous \u00eates aujourd\u2019hui nomm\u00e9 directeur g\u00e9n\u00e9ral (DG). Tout d\u2019abord, quels sont les sentiments qui vous animent ?<\/strong><\/p>\n<p>Sentiment de r\u00e9confort et de fiert\u00e9, doubl\u00e9 de remerciements \u00e0 l\u2019endroit du chef de l\u2019\u00c9tat, le g\u00e9n\u00e9ral d\u2019arm\u00e9e Mamadi Doumbouya, pour la confiance plac\u00e9e en ma modeste personne. En me nommant d\u2019abord DGA de la Radio Rurale de Guin\u00e9e il y a deux ans, et aujourd\u2019hui, sur proposition de M. le ministre de l\u2019Information et de la Communication, DG de la Radio Rurale de Guin\u00e9e, je me dis qu\u2019il faut remercier le chef de l\u2019\u00c9tat pour son leadership et son esprit de d\u00e9veloppement qu\u2019il met \u00e0 l\u2019actif des Guin\u00e9ens au quotidien. Sentiment de fiert\u00e9 et de r\u00e9confort \u00e9galement envers M. le ministre de l\u2019Information et de la Communication, qui a cru en moi en me proposant \u00e0 ce poste, pour investir mes comp\u00e9tences dans ce domaine. Et je voudrais vraiment remercier Son Excellence Fana Souma pour ce choix et cet encadrement.<\/p>\n<p><strong>Alors, bien avant que vous ne soyez DG, on vous a vu \u00e0 l\u2019\u0153uvre. Aujourd\u2019hui, il y a plus de 30 radios rurales en activit\u00e9. Quelles sont vos priorit\u00e9s pour les prochains jours ?<\/strong><\/p>\n<p>Les priorit\u00e9s consistent \u00e0 continuer \u00e0 revoir la grille des programmes. Vous savez, la radio repose sur deux \u00e9l\u00e9ments principaux : l\u2019\u00e9cran sonore et la grammaire journalistique. L\u2019\u00e9cran sonore signifie qu\u2019aucun auditeur ne doit souffrir en \u00e9coutant la radio. Il faut donc mettre en place des \u00e9quipements de collecte, de traitement et de diffusion de qualit\u00e9 pour que l\u2019\u00e9coute soit agr\u00e9able pour les auditeurs. C\u2019\u00e9tait un pari difficile au moment o\u00f9 M. Fana Souma prenait fonction, mais aujourd\u2019hui, ce pari est sur le point d\u2019\u00eatre gagn\u00e9.<\/p>\n<p>Nous allons \u00e9galement travailler sur la grammaire journalistique, c\u2019est-\u00e0-dire la formation. M\u00eame si vous dotez les radios des \u00e9quipements les plus performants au monde, si la ressource humaine qui doit les utiliser n\u2019est pas de qualit\u00e9, ces \u00e9quipements seront inutiles. Nous allons donc perfectionner le personnel de la Radio Rurale de Guin\u00e9e.<\/p>\n<p>Un autre aspect important est la question de l\u2019\u00e9nergie. Aujourd\u2019hui, comme vous le disiez, nous avons 38 radios rurales au lieu de 30. Nous avons \u00e9galement des radios qui doivent \u00eatre install\u00e9es dans les jours \u00e0 venir. Il faut assurer la continuit\u00e9 de la fourniture d\u2019\u00e9nergie pour ces radios rurales.<\/p>\n<p>Gr\u00e2ce \u00e0 l\u2019implication personnelle de M. le ministre de l\u2019Information et de la Communication, 26 radios rurales sont aujourd\u2019hui dot\u00e9es de syst\u00e8mes photovolta\u00efques. Ces radios fonctionnent 24 heures sur 24, ce qui est une prouesse du gouvernement guin\u00e9en. Par le pass\u00e9, le probl\u00e8me des radios rurales \u00e9tait la question de l\u2019\u00e9nergie. Les radios fonctionnaient de 7h \u00e0 midi, puis reprenaient de 18h \u00e0 minuit. Aujourd\u2019hui, avec les syst\u00e8mes photovolta\u00efques, l\u2019espace m\u00e9diatique est occup\u00e9 en continu.<\/p>\n<p><strong>Vous \u00eates aujourd\u2019hui \u00e9cout\u00e9 partout. Quel appel lancez-vous \u00e0 vos coll\u00e8gues des radios rurales ?<\/strong><\/p>\n<p>J\u2019appelle mes coll\u00e8gues chefs de station et animateurs des radios rurales \u00e0 se mettre \u00e0 la disposition de l\u2019\u00c9tat guin\u00e9en pour assurer le d\u00e9veloppement \u00e0 la base. Nos radios sont des radios-\u00e9coles. Il faut aller \u00e0 la rencontre des paysans, des gardiens des traditions, pour les \u00e9couter, comprendre leur histoire et enseigner \u00e0 la nouvelle g\u00e9n\u00e9ration afin que notre histoire ne soit pas falsifi\u00e9e ou influenc\u00e9e par des empreintes ext\u00e9rieures.<\/p>\n<p>Je voudrais \u00e9galement remercier M. le ministre de l\u2019Information et de la Communication pour tout ce qu\u2019il a fait pour la Radio Rurale de Guin\u00e9e et pour les m\u00e9dias en g\u00e9n\u00e9ral. Lorsque M. le ministre a pris fonction, de nombreuses radios n\u2019\u00e9mettaient pas ou \u00e9mettaient de mani\u00e8re intermittente. Aujourd\u2019hui, gr\u00e2ce \u00e0 son leadership et \u00e0 ses efforts, nous avons 32 stations en activit\u00e9.<\/p>\n<p>En tant que sp\u00e9cialiste de la radio rurale et communautaire, je tiens \u00e0 souligner que c\u2019est la premi\u00e8re fois que je vois l\u2019\u00c9tat guin\u00e9en cr\u00e9er deux radios en une semaine : les radios de Sabadou Baranama et de Lola. Par le pass\u00e9, les radios rurales \u00e9taient financ\u00e9es et install\u00e9es par des partenaires au d\u00e9veloppement. Aujourd\u2019hui, l\u2019\u00c9tat guin\u00e9en reprend la main sur ces m\u00e9dias et leur \u00e9quipement.<\/p>\n<p>Chaque station de radio rurale r\u00e9tablie ou relanc\u00e9e marque le retour de l\u2019\u00c9tat dans ces localit\u00e9s. Je tiens \u00e0 remercier le chef de l\u2019\u00c9tat pour son engagement dans le d\u00e9veloppement de ce pays. Je ne peux terminer cet entretien sans remercier M. le Premier ministre, Son Excellence Amadou Oury Bah, qui, avec son \u00e9quipe, s\u2019est d\u00e9plac\u00e9 \u00e0 Sigiri pour lancer la 26e revue annuelle. Ce jour-l\u00e0, il n\u2019a pas manqu\u00e9 de rendre hommage au ministre de l\u2019Information et de la Communication pour son travail remarquable sur le terrain.<\/p>\n<p><strong>Billetdujour.com\u00a0<\/strong><\/p>\n<p>&nbsp;<\/p>\n","protected":false},"excerpt":{"rendered":"<p>Ce mardi 18 mars 2025, les cadres promus au d\u00e9partement de l\u2019Information et de la Communication, \u00e9voluant \u00e0 Boulbinet, ont \u00e9t\u00e9 install\u00e9s dans leurs fonctions par M. l\u2019inspecteur g\u00e9n\u00e9ral Isma\u00ebl Fanta TRAOR\u00c9. Quelques heures apr\u00e8s sa prise de fonction, le directeur g\u00e9n\u00e9ral de la Radio Rurale de Guin\u00e9e, Ibrahima Sory Ciss\u00e9, pr\u00e9c\u00e9demment directeur g\u00e9n\u00e9ral adjoint [&hellip;]<\/p>\n","protected":false},"author":2,"featured_media":35193,"comment_status":"open","ping_status":"closed","sticky":false,"template":"","format":"standard","meta":{"buzzeditor_post_format":"","footnotes":""},"categories":[42],"tags":[],"class_list":["post-35192","post","type-post","status-publish","format-standard","has-post-thumbnail","hentry","category-news"],"jetpack_featured_media_url":"https:\/\/guineechrono.com\/wp-content\/uploads\/2025\/03\/radio-rurale.jpg","amp_enabled":true,"_links":{"self":[{"href":"https:\/\/guineechrono.com\/index.php\/wp-json\/wp\/v2\/posts\/35192","targetHints":{"allow":["GET"]}}],"collection":[{"href":"https:\/\/guineechrono.com\/index.php\/wp-json\/wp\/v2\/posts"}],"about":[{"href":"https:\/\/guineechrono.com\/index.php\/wp-json\/wp\/v2\/types\/post"}],"author":[{"embeddable":true,"href":"https:\/\/guineechrono.com\/index.php\/wp-json\/wp\/v2\/users\/2"}],"replies":[{"embeddable":true,"href":"https:\/\/guineechrono.com\/index.php\/wp-json\/wp\/v2\/comments?post=35192"}],"version-history":[{"count":1,"href":"https:\/\/guineechrono.com\/index.php\/wp-json\/wp\/v2\/posts\/35192\/revisions"}],"predecessor-version":[{"id":35194,"href":"https:\/\/guineechrono.com\/index.php\/wp-json\/wp\/v2\/posts\/35192\/revisions\/35194"}],"wp:featuredmedia":[{"embeddable":true,"href":"https:\/\/guineechrono.com\/index.php\/wp-json\/wp\/v2\/media\/35193"}],"wp:attachment":[{"href":"https:\/\/guineechrono.com\/index.php\/wp-json\/wp\/v2\/media?parent=35192"}],"wp:term":[{"taxonomy":"category","embeddable":true,"href":"https:\/\/guineechrono.com\/index.php\/wp-json\/wp\/v2\/categories?post=35192"},{"taxonomy":"post_tag","embeddable":true,"href":"https:\/\/guineechrono.com\/index.php\/wp-json\/wp\/v2\/tags?post=35192"}],"curies":[{"name":"wp","href":"https:\/\/api.w.org\/{rel}","templated":true}]}}