{"id":3520,"date":"2019-04-01T17:48:43","date_gmt":"2019-04-01T16:48:43","guid":{"rendered":"http:\/\/guineechrono.com\/?p=3520"},"modified":"2020-05-19T16:34:44","modified_gmt":"2020-05-19T15:34:44","slug":"algerie-le-president-abdelaziz-bouteflika-va-demissionner-avant-le-28-avril-agence-officielle","status":"publish","type":"post","link":"https:\/\/guineechrono.com\/index.php\/algerie-le-president-abdelaziz-bouteflika-va-demissionner-avant-le-28-avril-agence-officielle\/","title":{"rendered":"Alg\u00e9rie: le pr\u00e9sident Abdelaziz Bouteflika va d\u00e9missionner avant le 28 avril (agence officielle)"},"content":{"rendered":"<p>Le pr\u00e9sident de la R\u00e9publique Abdelaziz Bouteflika d\u00e9missionnera \u00abavant le 28 avril prochain\u00bb, date de la fin de son mandat \u00e9lectif, mais il devrait prendre d&rsquo;\u00abimportantes mesures pour assurer la continuit\u00e9 du fonctionnement des institutions de l&rsquo;Etat durant la p\u00e9riode de transition\u00bb, indique ce lundi un communiqu\u00e9 de la pr\u00e9sidence de la R\u00e9publique cit\u00e9 par l&rsquo;agence officielle APS.<\/p>\n<p><strong>AFP<\/strong><\/p>\n","protected":false},"excerpt":{"rendered":"<p>Le pr\u00e9sident de la R\u00e9publique Abdelaziz Bouteflika d\u00e9missionnera \u00abavant le 28 avril prochain\u00bb, date de la fin de son mandat \u00e9lectif, mais il devrait prendre d&rsquo;\u00abimportantes mesures pour assurer la continuit\u00e9 du fonctionnement des institutions de l&rsquo;Etat durant la p\u00e9riode de transition\u00bb, indique ce lundi un communiqu\u00e9 de la pr\u00e9sidence de la R\u00e9publique cit\u00e9 par [&hellip;]<\/p>\n","protected":false},"author":2,"featured_media":3521,"comment_status":"open","ping_status":"closed","sticky":false,"template":"","format":"standard","meta":{"buzzeditor_post_format":"","footnotes":""},"categories":[1,43],"tags":[],"class_list":["post-3520","post","type-post","status-publish","format-standard","has-post-thumbnail","hentry","category-non-classe","category-politique"],"jetpack_featured_media_url":"https:\/\/guineechrono.com\/wp-content\/uploads\/2019\/04\/algerie-1.jpg","amp_enabled":true,"_links":{"self":[{"href":"https:\/\/guineechrono.com\/index.php\/wp-json\/wp\/v2\/posts\/3520","targetHints":{"allow":["GET"]}}],"collection":[{"href":"https:\/\/guineechrono.com\/index.php\/wp-json\/wp\/v2\/posts"}],"about":[{"href":"https:\/\/guineechrono.com\/index.php\/wp-json\/wp\/v2\/types\/post"}],"author":[{"embeddable":true,"href":"https:\/\/guineechrono.com\/index.php\/wp-json\/wp\/v2\/users\/2"}],"replies":[{"embeddable":true,"href":"https:\/\/guineechrono.com\/index.php\/wp-json\/wp\/v2\/comments?post=3520"}],"version-history":[{"count":0,"href":"https:\/\/guineechrono.com\/index.php\/wp-json\/wp\/v2\/posts\/3520\/revisions"}],"wp:featuredmedia":[{"embeddable":true,"href":"https:\/\/guineechrono.com\/index.php\/wp-json\/wp\/v2\/media\/3521"}],"wp:attachment":[{"href":"https:\/\/guineechrono.com\/index.php\/wp-json\/wp\/v2\/media?parent=3520"}],"wp:term":[{"taxonomy":"category","embeddable":true,"href":"https:\/\/guineechrono.com\/index.php\/wp-json\/wp\/v2\/categories?post=3520"},{"taxonomy":"post_tag","embeddable":true,"href":"https:\/\/guineechrono.com\/index.php\/wp-json\/wp\/v2\/tags?post=3520"}],"curies":[{"name":"wp","href":"https:\/\/api.w.org\/{rel}","templated":true}]}}