{"id":35205,"date":"2025-03-22T18:43:54","date_gmt":"2025-03-22T17:43:54","guid":{"rendered":"https:\/\/guineechrono.com\/?p=35205"},"modified":"2025-03-22T18:43:54","modified_gmt":"2025-03-22T17:43:54","slug":"le-premier-ministre-a-preside-la-ceremonie-de-presentation-du-projet-residence-calao-kipe","status":"publish","type":"post","link":"https:\/\/guineechrono.com\/index.php\/le-premier-ministre-a-preside-la-ceremonie-de-presentation-du-projet-residence-calao-kipe\/","title":{"rendered":"Le Premier Ministre a pr\u00e9sid\u00e9 la c\u00e9r\u00e9monie de pr\u00e9sentation du projet r\u00e9sidence CALAO-Kip\u00e9"},"content":{"rendered":"<p><strong>Conakry, le 21 mars 2025<\/strong>\u00a0\u2013 Le Premier ministre, Chef du Gouvernement, a pr\u00e9sid\u00e9 la c\u00e9r\u00e9monie de pr\u00e9sentation du projet de construction de la cit\u00e9 r\u00e9sidentielle d\u00e9nomm\u00e9e R\u00e9sidence Calao-Kip\u00e9 dans le quartier Kip\u00e9.<\/p>\n<p>Cette initiative gouvernementale vise \u00e0 doter la Guin\u00e9e d\u2019un syst\u00e8me d\u2019urbanisation respectueux des normes et des r\u00e8glements en vigueur pour l\u2019avenir.<\/p>\n<p>Ce projet, qui sera r\u00e9alis\u00e9 par l\u2019entreprise Kakand\u00e9 Immo, filiale du Groupe Guicopres, comprend deux phases. La premi\u00e8re inclut la construction de 11 immeubles allant du R+5 au R+3, proposant des appartements de types F2 \u00e0 F5, des duplex et des penthouses. La deuxi\u00e8me phase comprend 15 lots destin\u00e9s \u00e0 des villas isol\u00e9es en R+1.<\/p>\n<p>Le PDG du Groupe Guicopres, M. Kerfala CAMARA, dans son discours, a soulign\u00e9 que depuis l\u2019av\u00e8nement du CNRD, la Guin\u00e9e s\u2019inscrit dans une dynamique de transformation profonde, offrant ainsi \u00e0 tous les Guin\u00e9ens, o\u00f9 qu\u2019ils soient, l\u2019opportunit\u00e9 de revenir investir sans crainte et de b\u00e9n\u00e9ficier pleinement des fruits de leur engagement.<\/p>\n<p>Selon le ministre de l\u2019Urbanisme et de l\u2019Habitat, ce site n\u2019est pas le seul. \u00c0 Sonfonia, Kakand\u00e9 Immo, en partenariat avec l\u2019\u00c9tat, construit pr\u00e8s de 1 000 logements. De plus, \u00e0 Ke\u00eftaya, d\u2019importants projets sont en cours.<\/p>\n<p>Dans son discours, le Premier ministre a mentionn\u00e9 que le plus important dans la construction d\u2019un \u00c9tat est la synergie et la convergence entre plusieurs acteurs : l<strong><em>\u2019\u00c9tat avec ses institutions, les banques et le secteur priv\u00e9.<\/em><\/strong><\/p>\n<p><strong><em>Il aussi mentionn\u00e9 que tout d\u00e9veloppement durable et des investissements cons\u00e9quents dans un \u00c9tat ne peuvent exister sans une collaboration \u00e9troite entre ces trois acteurs. En effet, l\u2019\u00c9tat a l\u2019obligation d\u2019assurer une s\u00e9curit\u00e9 juridique, de garantir une transmission conforme au droit de la propri\u00e9t\u00e9, et de prot\u00e9ger aussi bien la propri\u00e9t\u00e9 publique que priv\u00e9e.<\/em><\/strong><\/p>\n<p>Poursuivant son intervention, M. Amadou Oury Bah a rappel\u00e9 que la Guin\u00e9e a connu une transformation majeure \u00e0 partir du 5 septembre 2021. Pour lui,\u00a0<strong><em>Ce n\u2019est pas une litanie d\u00e9magogique, c\u2019est une traduction concr\u00e8te d\u2019une rupture entre ce qu\u2019\u00e9tait l\u2019\u00c9tat hier et ce que nous envisageons de construire pour aujourd\u2019hui et demain.<\/em><\/strong><\/p>\n<p>Remerciant le PDG du Groupe Guicopres pour son engagement, le Premier ministre a soulign\u00e9 que l\u2019\u00c9tat, \u00e0 lui seul, ne peut se substituer au secteur priv\u00e9. Son r\u00f4le est plut\u00f4t d\u2019accompagner de mani\u00e8re intelligente, dans le cadre d\u2019une alliance strat\u00e9gique entre l\u2019\u00e9conomie et la politique.<\/p>\n<p>Pour finir, il a tenu \u00e0 rassurer que les ann\u00e9es de transformation sont parfois difficiles, mais que d\u2019ici peu, les choses rentreront dans une certaine normalit\u00e9. \u00c0 ce moment-l\u00e0, la Guin\u00e9e fera le bond en avant que beaucoup de nos compatriotes esp\u00e8rent depuis des d\u00e9cennies.<\/p>\n<p>CC<\/p>\n","protected":false},"excerpt":{"rendered":"<p>Conakry, le 21 mars 2025\u00a0\u2013 Le Premier ministre, Chef du Gouvernement, a pr\u00e9sid\u00e9 la c\u00e9r\u00e9monie de pr\u00e9sentation du projet de construction de la cit\u00e9 r\u00e9sidentielle d\u00e9nomm\u00e9e R\u00e9sidence Calao-Kip\u00e9 dans le quartier Kip\u00e9. Cette initiative gouvernementale vise \u00e0 doter la Guin\u00e9e d\u2019un syst\u00e8me d\u2019urbanisation respectueux des normes et des r\u00e8glements en vigueur pour l\u2019avenir. Ce projet, [&hellip;]<\/p>\n","protected":false},"author":2,"featured_media":35206,"comment_status":"open","ping_status":"closed","sticky":false,"template":"","format":"standard","meta":{"buzzeditor_post_format":"","footnotes":""},"categories":[42],"tags":[],"class_list":["post-35205","post","type-post","status-publish","format-standard","has-post-thumbnail","hentry","category-news"],"jetpack_featured_media_url":"https:\/\/guineechrono.com\/wp-content\/uploads\/2025\/03\/premier-ministree.webp","amp_enabled":true,"_links":{"self":[{"href":"https:\/\/guineechrono.com\/index.php\/wp-json\/wp\/v2\/posts\/35205","targetHints":{"allow":["GET"]}}],"collection":[{"href":"https:\/\/guineechrono.com\/index.php\/wp-json\/wp\/v2\/posts"}],"about":[{"href":"https:\/\/guineechrono.com\/index.php\/wp-json\/wp\/v2\/types\/post"}],"author":[{"embeddable":true,"href":"https:\/\/guineechrono.com\/index.php\/wp-json\/wp\/v2\/users\/2"}],"replies":[{"embeddable":true,"href":"https:\/\/guineechrono.com\/index.php\/wp-json\/wp\/v2\/comments?post=35205"}],"version-history":[{"count":1,"href":"https:\/\/guineechrono.com\/index.php\/wp-json\/wp\/v2\/posts\/35205\/revisions"}],"predecessor-version":[{"id":35207,"href":"https:\/\/guineechrono.com\/index.php\/wp-json\/wp\/v2\/posts\/35205\/revisions\/35207"}],"wp:featuredmedia":[{"embeddable":true,"href":"https:\/\/guineechrono.com\/index.php\/wp-json\/wp\/v2\/media\/35206"}],"wp:attachment":[{"href":"https:\/\/guineechrono.com\/index.php\/wp-json\/wp\/v2\/media?parent=35205"}],"wp:term":[{"taxonomy":"category","embeddable":true,"href":"https:\/\/guineechrono.com\/index.php\/wp-json\/wp\/v2\/categories?post=35205"},{"taxonomy":"post_tag","embeddable":true,"href":"https:\/\/guineechrono.com\/index.php\/wp-json\/wp\/v2\/tags?post=35205"}],"curies":[{"name":"wp","href":"https:\/\/api.w.org\/{rel}","templated":true}]}}