{"id":3523,"date":"2019-04-02T10:28:39","date_gmt":"2019-04-02T09:28:39","guid":{"rendered":"http:\/\/guineechrono.com\/?p=3523"},"modified":"2019-04-02T10:31:35","modified_gmt":"2019-04-02T09:31:35","slug":"incendie-dun-bus-de-la-sotragui-le-groupe-albayrak-brise-le-silence","status":"publish","type":"post","link":"https:\/\/guineechrono.com\/index.php\/incendie-dun-bus-de-la-sotragui-le-groupe-albayrak-brise-le-silence\/","title":{"rendered":"Un bus de la Sotragui incendi\u00e9 : le groupe Albayrak brise le silence"},"content":{"rendered":"<p>Le Groupe Albayrak informe les usagers des bus \u00ab Transport Urbain \u00bb et l\u2019ensemble des populations guin\u00e9ennes qu\u2019un incendie s\u2019est d\u00e9clar\u00e9 dans un de ses v\u00e9hicules, immatricul\u00e9 EP 0604 B, endommageant ainsi compl\u00e8tement l\u2019engin, ce lundi, 1er avril 2019 au Rond-point de Bamb\u00e9to dans la Commune Urbaine de Ratoma.<\/p>\n<p>Le Groupe pr\u00e9cise que gr\u00e2ce au professionnalisme du personnel exploitant\u00a0du v\u00e9hicule et aux actions de secours de certains citoyens, l\u2019ensemble des passagers \u00e0 bord a pu \u00eatre \u00e9vacu\u00e9 dans des conditions de s\u00e9curit\u00e9 et sans qu\u2019aucune victime humaine et encore moins de bless\u00e9s ne soient \u00e0 d\u00e9plorer.<\/p>\n<p>Le Groupe Albayrak soutient qu\u2019\u00e0 ce stade des investigations, les informations indiquent que l\u2019incendie serait partie d\u2019un dysfonctionnement du syst\u00e8me \u00e9lectrique du v\u00e9hicule qui s\u2019est d\u00e9clar\u00e9 au cours de son trajet sans qu\u2019il n\u2019ait \u00e9t\u00e9 possible de le ma\u00eetriser.<\/p>\n<p>Le Groupe Albayrak exprime\u00a0ses regrets\u00a0\u00e0 l\u2019ensemble des passagers et \u00e0 toute autre personne qui a pu \u00eatre affect\u00e9e, de quelque mani\u00e8re que ce soit, pour les d\u00e9sagr\u00e9ments caus\u00e9s.<\/p>\n<p>Conakry, le 1er avril 2019<\/p>\n<p><strong>Le Groupe Albayrak\u00a0<\/strong><\/p>\n","protected":false},"excerpt":{"rendered":"<p>Le Groupe Albayrak informe les usagers des bus \u00ab Transport Urbain \u00bb et l\u2019ensemble des populations guin\u00e9ennes qu\u2019un incendie s\u2019est d\u00e9clar\u00e9 dans un de ses v\u00e9hicules, immatricul\u00e9 EP 0604 B, endommageant ainsi compl\u00e8tement l\u2019engin, ce lundi, 1er avril 2019 au Rond-point de Bamb\u00e9to dans la Commune Urbaine de Ratoma. Le Groupe pr\u00e9cise que gr\u00e2ce au [&hellip;]<\/p>\n","protected":false},"author":2,"featured_media":3524,"comment_status":"open","ping_status":"closed","sticky":false,"template":"","format":"standard","meta":{"buzzeditor_post_format":"","footnotes":""},"categories":[1],"tags":[],"class_list":["post-3523","post","type-post","status-publish","format-standard","has-post-thumbnail","hentry","category-non-classe"],"jetpack_featured_media_url":"https:\/\/guineechrono.com\/wp-content\/uploads\/2019\/04\/car.jpg","amp_enabled":true,"_links":{"self":[{"href":"https:\/\/guineechrono.com\/index.php\/wp-json\/wp\/v2\/posts\/3523","targetHints":{"allow":["GET"]}}],"collection":[{"href":"https:\/\/guineechrono.com\/index.php\/wp-json\/wp\/v2\/posts"}],"about":[{"href":"https:\/\/guineechrono.com\/index.php\/wp-json\/wp\/v2\/types\/post"}],"author":[{"embeddable":true,"href":"https:\/\/guineechrono.com\/index.php\/wp-json\/wp\/v2\/users\/2"}],"replies":[{"embeddable":true,"href":"https:\/\/guineechrono.com\/index.php\/wp-json\/wp\/v2\/comments?post=3523"}],"version-history":[{"count":0,"href":"https:\/\/guineechrono.com\/index.php\/wp-json\/wp\/v2\/posts\/3523\/revisions"}],"wp:featuredmedia":[{"embeddable":true,"href":"https:\/\/guineechrono.com\/index.php\/wp-json\/wp\/v2\/media\/3524"}],"wp:attachment":[{"href":"https:\/\/guineechrono.com\/index.php\/wp-json\/wp\/v2\/media?parent=3523"}],"wp:term":[{"taxonomy":"category","embeddable":true,"href":"https:\/\/guineechrono.com\/index.php\/wp-json\/wp\/v2\/categories?post=3523"},{"taxonomy":"post_tag","embeddable":true,"href":"https:\/\/guineechrono.com\/index.php\/wp-json\/wp\/v2\/tags?post=3523"}],"curies":[{"name":"wp","href":"https:\/\/api.w.org\/{rel}","templated":true}]}}