{"id":35233,"date":"2025-03-28T12:54:53","date_gmt":"2025-03-28T11:54:53","guid":{"rendered":"https:\/\/guineechrono.com\/?p=35233"},"modified":"2025-03-28T12:54:53","modified_gmt":"2025-03-28T11:54:53","slug":"le-pm-bah-oury-echange-avec-les-jeunes-de-laxe-autour-dune-rupture-collective","status":"publish","type":"post","link":"https:\/\/guineechrono.com\/index.php\/le-pm-bah-oury-echange-avec-les-jeunes-de-laxe-autour-dune-rupture-collective\/","title":{"rendered":"Le PM Bah Oury \u00e9change avec les jeunes de l\u2019axe autour d\u2019une rupture collective"},"content":{"rendered":"<p>Jeudi 27 mars 2025 \u2013 Le Premier ministre, Chef du Gouvernement, Amadou Oury BAH a particip\u00e9 \u00e0 une rupture collective du je\u00fbne organis\u00e9e par les jeunes de \ud835\uddf9\u2019\ud835\uddd4\ud835\ude05\ud835\uddf2 (Bambeto, Cosa, Hamdalaye, Enco5, SonfoniaT7, jusqu\u2019\u00e0 T8), sous l\u2019\u00e9gide du Mouvement MAG, initiateur du slogan (MEIN FAAMI) \u00e0 Cosa.<\/p>\n<p>Au-del\u00e0 de sa dimension sociale, cette initiative refl\u00e8te une aspiration profonde des jeunes de l\u2019Axe de tourner la page des tensions et s\u2019engager activement pour la paix et la coh\u00e9sion sociale.<\/p>\n<p>Le pr\u00e9sident du Mouvement MAG, Baba Alimou Barry, au nom des jeunes de \ud835\uddf9\u2019\ud835\uddd4\ud835\ude05\ud835\uddf2, a exprim\u00e9 sa profonde gratitude envers le Chef du Gouvernement pour avoir honor\u00e9 leur invitation. Il a \u00e9galement rassur\u00e9 quant \u00e0 la maturit\u00e9 et au sens des responsabilit\u00e9s des jeunes de \ud835\uddf9\u2019\ud835\uddd4\ud835\ude05\ud835\uddf2.<\/p>\n<p><strong>Cellule de communication de la Primature<\/strong><\/p>\n","protected":false},"excerpt":{"rendered":"<p>Jeudi 27 mars 2025 \u2013 Le Premier ministre, Chef du Gouvernement, Amadou Oury BAH a particip\u00e9 \u00e0 une rupture collective du je\u00fbne organis\u00e9e par les jeunes de \ud835\uddf9\u2019\ud835\uddd4\ud835\ude05\ud835\uddf2 (Bambeto, Cosa, Hamdalaye, Enco5, SonfoniaT7, jusqu\u2019\u00e0 T8), sous l\u2019\u00e9gide du Mouvement MAG, initiateur du slogan (MEIN FAAMI) \u00e0 Cosa. Au-del\u00e0 de sa dimension sociale, cette initiative refl\u00e8te [&hellip;]<\/p>\n","protected":false},"author":2,"featured_media":35234,"comment_status":"open","ping_status":"closed","sticky":false,"template":"","format":"standard","meta":{"buzzeditor_post_format":"","footnotes":""},"categories":[42],"tags":[],"class_list":["post-35233","post","type-post","status-publish","format-standard","has-post-thumbnail","hentry","category-news"],"jetpack_featured_media_url":"https:\/\/guineechrono.com\/wp-content\/uploads\/2025\/03\/axe.jpg","amp_enabled":true,"_links":{"self":[{"href":"https:\/\/guineechrono.com\/index.php\/wp-json\/wp\/v2\/posts\/35233","targetHints":{"allow":["GET"]}}],"collection":[{"href":"https:\/\/guineechrono.com\/index.php\/wp-json\/wp\/v2\/posts"}],"about":[{"href":"https:\/\/guineechrono.com\/index.php\/wp-json\/wp\/v2\/types\/post"}],"author":[{"embeddable":true,"href":"https:\/\/guineechrono.com\/index.php\/wp-json\/wp\/v2\/users\/2"}],"replies":[{"embeddable":true,"href":"https:\/\/guineechrono.com\/index.php\/wp-json\/wp\/v2\/comments?post=35233"}],"version-history":[{"count":1,"href":"https:\/\/guineechrono.com\/index.php\/wp-json\/wp\/v2\/posts\/35233\/revisions"}],"predecessor-version":[{"id":35235,"href":"https:\/\/guineechrono.com\/index.php\/wp-json\/wp\/v2\/posts\/35233\/revisions\/35235"}],"wp:featuredmedia":[{"embeddable":true,"href":"https:\/\/guineechrono.com\/index.php\/wp-json\/wp\/v2\/media\/35234"}],"wp:attachment":[{"href":"https:\/\/guineechrono.com\/index.php\/wp-json\/wp\/v2\/media?parent=35233"}],"wp:term":[{"taxonomy":"category","embeddable":true,"href":"https:\/\/guineechrono.com\/index.php\/wp-json\/wp\/v2\/categories?post=35233"},{"taxonomy":"post_tag","embeddable":true,"href":"https:\/\/guineechrono.com\/index.php\/wp-json\/wp\/v2\/tags?post=35233"}],"curies":[{"name":"wp","href":"https:\/\/api.w.org\/{rel}","templated":true}]}}