{"id":35236,"date":"2025-03-28T13:14:06","date_gmt":"2025-03-28T12:14:06","guid":{"rendered":"https:\/\/guineechrono.com\/?p=35236"},"modified":"2025-03-28T13:14:06","modified_gmt":"2025-03-28T12:14:06","slug":"quelle-societe-voulons-nous-batir-a-notre-epoque-par-eugene-capi-balamou","status":"publish","type":"post","link":"https:\/\/guineechrono.com\/index.php\/quelle-societe-voulons-nous-batir-a-notre-epoque-par-eugene-capi-balamou\/","title":{"rendered":"Quelle soci\u00e9t\u00e9 voulons-nous b\u00e2tir \u00e0 notre \u00e9poque ? (Par Eug\u00e8ne Capi Balamou)"},"content":{"rendered":"<p>Nous sommes \u00e0 un tournant d\u00e9cisif de notre histoire. Le monde \u00e9volue \u00e0 une vitesse fulgurante sous l\u2019effet des progr\u00e8s technologiques, des transformations \u00e9conomiques et des mutations sociales. Mais derri\u00e8re cette acc\u00e9l\u00e9ration, des fractures profondes se creusent : in\u00e9galit\u00e9s criantes, d\u00e9r\u00e8glement climatique, crise des valeurs, conflits identitaires\u2026 Face \u00e0 ces d\u00e9fis, une question fondamentale s\u2019impose : quelle soci\u00e9t\u00e9 voulons-nous b\u00e2tir pour les g\u00e9n\u00e9rations pr\u00e9sentes et futures ?<\/p>\n<p>Notre \u00e9poque nous offre une opportunit\u00e9 unique de repenser nos mod\u00e8les et de construire une soci\u00e9t\u00e9 plus juste, plus solidaire et plus durable. Il ne s\u2019agit pas d\u2019un r\u00eave utopique, mais d\u2019une n\u00e9cessit\u00e9 imp\u00e9rieuse.<\/p>\n<p>La mont\u00e9e des in\u00e9galit\u00e9s, qu\u2019elles soient \u00e9conomiques, sociales ou territoriales, menace la coh\u00e9sion de nos soci\u00e9t\u00e9s. Trop souvent, les richesses produites sont accapar\u00e9es par une minorit\u00e9, tandis qu\u2019une majorit\u00e9 peine \u00e0 satisfaire ses besoins fondamentaux. L\u2019acc\u00e8s \u00e0 l\u2019\u00e9ducation, \u00e0 la sant\u00e9, au logement et aux opportunit\u00e9s \u00e9conomiques doit \u00eatre garanti pour tous, sans distinction de classe, de sexe ou d\u2019origine.<\/p>\n<p>B\u00e2tir une soci\u00e9t\u00e9 plus juste implique \u00e9galement de r\u00e9former les structures qui perp\u00e9tuent ces in\u00e9galit\u00e9s. L\u2019instauration d\u2019un syst\u00e8me fiscal \u00e9quitable, la lutte contre la corruption et la promotion d\u2019une gouvernance transparente sont des imp\u00e9ratifs pour garantir un partage plus \u00e9quilibr\u00e9 des ressources.<\/p>\n<p>De plus, la justice sociale ne doit pas se limiter aux discours politiques ; elle doit se traduire par des actions concr\u00e8tes. Une soci\u00e9t\u00e9 o\u00f9 chacun a une chance r\u00e9elle de r\u00e9ussir est une soci\u00e9t\u00e9 plus prosp\u00e8re et plus stable.<\/p>\n<p>Le mat\u00e9rialisme et l\u2019individualisme exacerb\u00e9s de notre \u00e9poque ont affaibli les liens de solidarit\u00e9 qui faisaient autrefois la force de nos soci\u00e9t\u00e9s. Pourtant, aucune nation ne peut se construire durablement sans un socle solide de valeurs humaines : entraide, respect, compassion et tol\u00e9rance.<\/p>\n<p>Il est urgent de r\u00e9habiliter ces principes et de promouvoir une culture du \u00ab\u00a0vivre-ensemble\u00a0\u00bb. Cela passe par une \u00e9ducation qui inculque d\u00e8s le plus jeune \u00e2ge l\u2019importance du respect mutuel, du partage et du dialogue. L\u2019\u00e9cole, la famille, les m\u00e9dias et la soci\u00e9t\u00e9 civile ont un r\u00f4le crucial \u00e0 jouer dans la transmission de ces valeurs.<\/p>\n<p>Par ailleurs, les entreprises et les institutions doivent \u00e9galement s\u2019impliquer dans cette dynamique en favorisant des politiques inclusives, en valorisant le bien-\u00eatre des travailleurs et en contribuant activement au d\u00e9veloppement social.<\/p>\n<p>La question \u00e9cologique est aujourd\u2019hui l\u2019un des plus grands d\u00e9fis de l\u2019humanit\u00e9. Le r\u00e9chauffement climatique, la d\u00e9forestation, la pollution et l\u2019\u00e9puisement des ressources naturelles menacent notre avenir commun. Ignorer ces enjeux, c\u2019est condamner les g\u00e9n\u00e9rations futures \u00e0 un monde invivable.<\/p>\n<p>B\u00e2tir une soci\u00e9t\u00e9 durable signifie adopter un mode de d\u00e9veloppement respectueux de l\u2019environnement. Cela implique une transition \u00e9nerg\u00e9tique vers les sources renouvelables, une r\u00e9duction drastique des \u00e9missions de gaz \u00e0 effet de serre, ainsi qu\u2019une gestion plus responsable des ressources naturelles.<\/p>\n<p>Les gouvernements, les entreprises et les citoyens doivent \u0153uvrer ensemble pour changer nos modes de production et de consommation. L\u2019\u00e9conomie circulaire, la promotion de l\u2019agriculture durable et le d\u00e9veloppement des infrastructures \u00e9cologiques sont autant de pistes \u00e0 explorer pour garantir un avenir viable \u00e0 notre plan\u00e8te.<\/p>\n<p>L\u2019essor fulgurant des nouvelles technologies a r\u00e9volutionn\u00e9 nos modes de vie, de travail et de communication. Intelligence artificielle, automatisation, biotechnologies\u2026 ces avanc\u00e9es offrent des opportunit\u00e9s extraordinaires, mais elles posent \u00e9galement des d\u00e9fis \u00e9thiques majeurs.<\/p>\n<p>La question n\u2019est plus seulement de savoir jusqu\u2019o\u00f9 la technologie peut nous mener, mais aussi de d\u00e9finir les limites de son usage. Comment \u00e9viter qu\u2019elle ne creuse davantage les in\u00e9galit\u00e9s ? Comment pr\u00e9venir les d\u00e9rives li\u00e9es \u00e0 la surveillance de masse et \u00e0 la manipulation de l\u2019information ?<\/p>\n<p>Il est imp\u00e9ratif d\u2019instaurer des cadres r\u00e9glementaires solides pour garantir que la technologie reste au service de l\u2019humain et non l\u2019inverse. L\u2019innovation doit \u00eatre accompagn\u00e9e d\u2019une r\u00e9flexion \u00e9thique et soci\u00e9tale afin qu\u2019elle profite \u00e0 tous et ne soit pas source d\u2019exclusion ou de domination.<\/p>\n<p>Les tensions identitaires et culturelles sont aujourd\u2019hui exacerb\u00e9es par les crises \u00e9conomiques, les conflits g\u00e9opolitiques et la mont\u00e9e des discours haineux. Pourtant, l\u2019histoire nous enseigne que les civilisations les plus prosp\u00e8res sont celles qui ont su s\u2019enrichir de leur diversit\u00e9.<\/p>\n<p>Construire une soci\u00e9t\u00e9 inclusive signifie reconna\u00eetre et valoriser les diff\u00e9rences, tout en renfor\u00e7ant ce qui nous unit. Cela implique de lutter activement contre toutes les formes de discrimination et de promouvoir une citoyennet\u00e9 fond\u00e9e sur l\u2019\u00e9galit\u00e9 des droits et des devoirs.<\/p>\n<p>L\u2019inclusion ne concerne pas seulement les questions ethniques ou culturelles, mais aussi l\u2019\u00e9galit\u00e9 des genres, l\u2019int\u00e9gration des personnes en situation de handicap et l\u2019acc\u00e8s aux opportunit\u00e9s pour tous. Une soci\u00e9t\u00e9 qui rejette l\u2019exclusion est une soci\u00e9t\u00e9 qui progresse.<\/p>\n<p>La soci\u00e9t\u00e9 que nous voulons b\u00e2tir ne d\u00e9pend pas seulement des d\u00e9cisions des gouvernements ou des grandes institutions. Elle repose aussi sur les choix quotidiens de chacun d\u2019entre nous. Nous avons tous un r\u00f4le \u00e0 jouer dans cette transformation : en tant que citoyens, consommateurs, travailleurs ou parents.<\/p>\n<p>Le changement ne viendra pas d\u2019un miracle, mais d\u2019une prise de conscience collective et d\u2019un engagement individuel. Il est temps de refuser l\u2019inertie, de rompre avec les logiques qui nous enferment dans des mod\u00e8les d\u00e9pass\u00e9s et de b\u00e2tir ensemble une soci\u00e9t\u00e9 plus juste, plus solidaire, plus durable et plus humaine.<\/p>\n<p>L\u2019avenir appartient \u00e0 ceux qui osent le r\u00eaver, mais surtout \u00e0 ceux qui ont le courage de le construire.<\/p>\n<p><strong>Eug\u00e8ne Capi Balamou, journaliste et analyse juridique.<\/strong><\/p>\n<p>&nbsp;<\/p>\n","protected":false},"excerpt":{"rendered":"<p>Nous sommes \u00e0 un tournant d\u00e9cisif de notre histoire. Le monde \u00e9volue \u00e0 une vitesse fulgurante sous l\u2019effet des progr\u00e8s technologiques, des transformations \u00e9conomiques et des mutations sociales. Mais derri\u00e8re cette acc\u00e9l\u00e9ration, des fractures profondes se creusent : in\u00e9galit\u00e9s criantes, d\u00e9r\u00e8glement climatique, crise des valeurs, conflits identitaires\u2026 Face \u00e0 ces d\u00e9fis, une question fondamentale s\u2019impose [&hellip;]<\/p>\n","protected":false},"author":2,"featured_media":35237,"comment_status":"open","ping_status":"closed","sticky":false,"template":"","format":"standard","meta":{"buzzeditor_post_format":"","footnotes":""},"categories":[42],"tags":[],"class_list":["post-35236","post","type-post","status-publish","format-standard","has-post-thumbnail","hentry","category-news"],"jetpack_featured_media_url":"https:\/\/guineechrono.com\/wp-content\/uploads\/2025\/03\/IMG-20250328-WA0084.jpg","amp_enabled":true,"_links":{"self":[{"href":"https:\/\/guineechrono.com\/index.php\/wp-json\/wp\/v2\/posts\/35236","targetHints":{"allow":["GET"]}}],"collection":[{"href":"https:\/\/guineechrono.com\/index.php\/wp-json\/wp\/v2\/posts"}],"about":[{"href":"https:\/\/guineechrono.com\/index.php\/wp-json\/wp\/v2\/types\/post"}],"author":[{"embeddable":true,"href":"https:\/\/guineechrono.com\/index.php\/wp-json\/wp\/v2\/users\/2"}],"replies":[{"embeddable":true,"href":"https:\/\/guineechrono.com\/index.php\/wp-json\/wp\/v2\/comments?post=35236"}],"version-history":[{"count":1,"href":"https:\/\/guineechrono.com\/index.php\/wp-json\/wp\/v2\/posts\/35236\/revisions"}],"predecessor-version":[{"id":35238,"href":"https:\/\/guineechrono.com\/index.php\/wp-json\/wp\/v2\/posts\/35236\/revisions\/35238"}],"wp:featuredmedia":[{"embeddable":true,"href":"https:\/\/guineechrono.com\/index.php\/wp-json\/wp\/v2\/media\/35237"}],"wp:attachment":[{"href":"https:\/\/guineechrono.com\/index.php\/wp-json\/wp\/v2\/media?parent=35236"}],"wp:term":[{"taxonomy":"category","embeddable":true,"href":"https:\/\/guineechrono.com\/index.php\/wp-json\/wp\/v2\/categories?post=35236"},{"taxonomy":"post_tag","embeddable":true,"href":"https:\/\/guineechrono.com\/index.php\/wp-json\/wp\/v2\/tags?post=35236"}],"curies":[{"name":"wp","href":"https:\/\/api.w.org\/{rel}","templated":true}]}}