{"id":35243,"date":"2025-03-29T11:51:12","date_gmt":"2025-03-29T10:51:12","guid":{"rendered":"https:\/\/guineechrono.com\/?p=35243"},"modified":"2025-03-29T11:51:12","modified_gmt":"2025-03-29T10:51:12","slug":"guinee-enfin-capitaine-moussa-dadis-camara-libere","status":"publish","type":"post","link":"https:\/\/guineechrono.com\/index.php\/guinee-enfin-capitaine-moussa-dadis-camara-libere\/","title":{"rendered":"Guin\u00e9e : enfin, Capitaine Moussa Dadis Camara lib\u00e9r\u00e9"},"content":{"rendered":"<p><strong>Le Pr\u00e9sident de la R\u00e9publique, le G\u00e9n\u00e9ral Mamadi Doumbouya a accord\u00e9 une gr\u00e2ce \u00e0 l\u2019ancien Chef de la junte militaire capitaine Moussa Dadis Camara pour raison de sant\u00e9 selon le d\u00e9cret.<\/strong><\/p>\n<p>C\u2019est dans un d\u00e9cret lu dans la soir\u00e9e du vendredi 28 mars 2025 \u00e0 la t\u00e9l\u00e9vision nationale que cette annonce a \u00e9t\u00e9 faite.<\/p>\n<p>A rappeler que capitaine\u00a0 Moussa Dadis Camara a \u00e9t\u00e9 condamn\u00e9 \u00e0 20 ans de prison apr\u00e8s le proc\u00e8s du massacre du 28 septembre 2009.<\/p>\n<p><strong>R\u00e9daction <\/strong><\/p>\n","protected":false},"excerpt":{"rendered":"<p>Le Pr\u00e9sident de la R\u00e9publique, le G\u00e9n\u00e9ral Mamadi Doumbouya a accord\u00e9 une gr\u00e2ce \u00e0 l\u2019ancien Chef de la junte militaire capitaine Moussa Dadis Camara pour raison de sant\u00e9 selon le d\u00e9cret. C\u2019est dans un d\u00e9cret lu dans la soir\u00e9e du vendredi 28 mars 2025 \u00e0 la t\u00e9l\u00e9vision nationale que cette annonce a \u00e9t\u00e9 faite. A [&hellip;]<\/p>\n","protected":false},"author":2,"featured_media":35244,"comment_status":"open","ping_status":"closed","sticky":false,"template":"","format":"standard","meta":{"buzzeditor_post_format":"","footnotes":""},"categories":[42],"tags":[],"class_list":["post-35243","post","type-post","status-publish","format-standard","has-post-thumbnail","hentry","category-news"],"jetpack_featured_media_url":"https:\/\/guineechrono.com\/wp-content\/uploads\/2025\/03\/dadis-camara.jpeg","amp_enabled":true,"_links":{"self":[{"href":"https:\/\/guineechrono.com\/index.php\/wp-json\/wp\/v2\/posts\/35243","targetHints":{"allow":["GET"]}}],"collection":[{"href":"https:\/\/guineechrono.com\/index.php\/wp-json\/wp\/v2\/posts"}],"about":[{"href":"https:\/\/guineechrono.com\/index.php\/wp-json\/wp\/v2\/types\/post"}],"author":[{"embeddable":true,"href":"https:\/\/guineechrono.com\/index.php\/wp-json\/wp\/v2\/users\/2"}],"replies":[{"embeddable":true,"href":"https:\/\/guineechrono.com\/index.php\/wp-json\/wp\/v2\/comments?post=35243"}],"version-history":[{"count":1,"href":"https:\/\/guineechrono.com\/index.php\/wp-json\/wp\/v2\/posts\/35243\/revisions"}],"predecessor-version":[{"id":35245,"href":"https:\/\/guineechrono.com\/index.php\/wp-json\/wp\/v2\/posts\/35243\/revisions\/35245"}],"wp:featuredmedia":[{"embeddable":true,"href":"https:\/\/guineechrono.com\/index.php\/wp-json\/wp\/v2\/media\/35244"}],"wp:attachment":[{"href":"https:\/\/guineechrono.com\/index.php\/wp-json\/wp\/v2\/media?parent=35243"}],"wp:term":[{"taxonomy":"category","embeddable":true,"href":"https:\/\/guineechrono.com\/index.php\/wp-json\/wp\/v2\/categories?post=35243"},{"taxonomy":"post_tag","embeddable":true,"href":"https:\/\/guineechrono.com\/index.php\/wp-json\/wp\/v2\/tags?post=35243"}],"curies":[{"name":"wp","href":"https:\/\/api.w.org\/{rel}","templated":true}]}}