{"id":35258,"date":"2025-03-31T16:01:58","date_gmt":"2025-03-31T15:01:58","guid":{"rendered":"https:\/\/guineechrono.com\/?p=35258"},"modified":"2025-03-31T16:01:58","modified_gmt":"2025-03-31T15:01:58","slug":"palais-mohamed-v-le-president-doumbouya-a-effectue-la-priere-entoure-de-plusieurs-membres-du-gouvernement","status":"publish","type":"post","link":"https:\/\/guineechrono.com\/index.php\/palais-mohamed-v-le-president-doumbouya-a-effectue-la-priere-entoure-de-plusieurs-membres-du-gouvernement\/","title":{"rendered":"Palais Mohamed V : le pr\u00e9sident Doumbouya a effectu\u00e9 la pri\u00e8re, entour\u00e9 de plusieurs membres du gouvernement"},"content":{"rendered":"<h1>La Guin\u00e9e a c\u00e9l\u00e9br\u00e9 l\u2019A\u00efd el-Fitr ce dimanche 30 mars 2025. Le pr\u00e9sident Mamadi Doumbouya a particip\u00e9 \u00e0 la pri\u00e8re de l\u2019A\u00efd au Palais Mohammed V, entour\u00e9 de responsables gouvernementaux et de nombreux fid\u00e8les.<\/h1>\n<p>La pri\u00e8re, dirig\u00e9e par l\u2019imam Ratib Elhadj Mamadou Saliou Camara, a mis l\u2019accent sur les valeurs de pardon, de solidarit\u00e9 et de partage, notamment \u00e0 travers la Zakat al-Fitr. L\u2019imam a \u00e9galement salu\u00e9 les efforts du pr\u00e9sident pour l\u2019unit\u00e9 nationale et le d\u00e9veloppement du pays.<\/p>\n<p>Apr\u00e8s la pri\u00e8re, le pr\u00e9sident Doumbouya a re\u00e7u les v\u0153ux de la foule et des personnalit\u00e9s pr\u00e9sentes. Le ministre Amara Camara a rappel\u00e9 l\u2019importance de l\u2019unit\u00e9 et de la stabilit\u00e9 pour l\u2019avenir de la Guin\u00e9e.<\/p>\n<p>Cette c\u00e9l\u00e9bration a renforc\u00e9 le sentiment d\u2019unit\u00e9 nationale et l\u2019engagement du pays envers la paix et la prosp\u00e9rit\u00e9.<\/p>\n<p><strong>Avec la DCI-PRG<\/strong><\/p>\n<p>&nbsp;<\/p>\n","protected":false},"excerpt":{"rendered":"<p>La Guin\u00e9e a c\u00e9l\u00e9br\u00e9 l\u2019A\u00efd el-Fitr ce dimanche 30 mars 2025. Le pr\u00e9sident Mamadi Doumbouya a particip\u00e9 \u00e0 la pri\u00e8re de l\u2019A\u00efd au Palais Mohammed V, entour\u00e9 de responsables gouvernementaux et de nombreux fid\u00e8les. La pri\u00e8re, dirig\u00e9e par l\u2019imam Ratib Elhadj Mamadou Saliou Camara, a mis l\u2019accent sur les valeurs de pardon, de solidarit\u00e9 et [&hellip;]<\/p>\n","protected":false},"author":2,"featured_media":35259,"comment_status":"open","ping_status":"closed","sticky":false,"template":"","format":"standard","meta":{"buzzeditor_post_format":"","footnotes":""},"categories":[42],"tags":[],"class_list":["post-35258","post","type-post","status-publish","format-standard","has-post-thumbnail","hentry","category-news"],"jetpack_featured_media_url":"https:\/\/guineechrono.com\/wp-content\/uploads\/2025\/03\/fetess.jpg","amp_enabled":true,"_links":{"self":[{"href":"https:\/\/guineechrono.com\/index.php\/wp-json\/wp\/v2\/posts\/35258","targetHints":{"allow":["GET"]}}],"collection":[{"href":"https:\/\/guineechrono.com\/index.php\/wp-json\/wp\/v2\/posts"}],"about":[{"href":"https:\/\/guineechrono.com\/index.php\/wp-json\/wp\/v2\/types\/post"}],"author":[{"embeddable":true,"href":"https:\/\/guineechrono.com\/index.php\/wp-json\/wp\/v2\/users\/2"}],"replies":[{"embeddable":true,"href":"https:\/\/guineechrono.com\/index.php\/wp-json\/wp\/v2\/comments?post=35258"}],"version-history":[{"count":1,"href":"https:\/\/guineechrono.com\/index.php\/wp-json\/wp\/v2\/posts\/35258\/revisions"}],"predecessor-version":[{"id":35260,"href":"https:\/\/guineechrono.com\/index.php\/wp-json\/wp\/v2\/posts\/35258\/revisions\/35260"}],"wp:featuredmedia":[{"embeddable":true,"href":"https:\/\/guineechrono.com\/index.php\/wp-json\/wp\/v2\/media\/35259"}],"wp:attachment":[{"href":"https:\/\/guineechrono.com\/index.php\/wp-json\/wp\/v2\/media?parent=35258"}],"wp:term":[{"taxonomy":"category","embeddable":true,"href":"https:\/\/guineechrono.com\/index.php\/wp-json\/wp\/v2\/categories?post=35258"},{"taxonomy":"post_tag","embeddable":true,"href":"https:\/\/guineechrono.com\/index.php\/wp-json\/wp\/v2\/tags?post=35258"}],"curies":[{"name":"wp","href":"https:\/\/api.w.org\/{rel}","templated":true}]}}