{"id":35261,"date":"2025-03-31T16:08:20","date_gmt":"2025-03-31T15:08:20","guid":{"rendered":"https:\/\/guineechrono.com\/?p=35261"},"modified":"2025-03-31T16:08:20","modified_gmt":"2025-03-31T15:08:20","slug":"chronique-du-lundi-31-mars-2025-ensemble-organisons-des-prieres-oecumeniques-pour-un-pardon-sincere","status":"publish","type":"post","link":"https:\/\/guineechrono.com\/index.php\/chronique-du-lundi-31-mars-2025-ensemble-organisons-des-prieres-oecumeniques-pour-un-pardon-sincere\/","title":{"rendered":"Chronique du lundi 31 mars 2025 : ensemble, organisons des pri\u00e8res \u0153cum\u00e9niques pour un pardon sinc\u00e8re\u2026"},"content":{"rendered":"<p>Dans un effort d\u2019apaisement des tensions sociales et de promotion du dialogue national, de la r\u00e9conciliation et du vivre-ensemble, le chef de l\u2019\u00c9tat, le G\u00e9n\u00e9ral Mamadi Doumbouya, a pos\u00e9 deux actes majeurs en l\u2019espace de deux jours, culminant durant Laylatoul Qadr \u00e0 la fin du Ramadan.<\/p>\n<p>Le mercredi 26 mars 2025, il a sign\u00e9 un d\u00e9cret ordonnant la prise en charge int\u00e9grale, par le Budget national de d\u00e9veloppement (BND), des indemnisations des victimes du massacre du 28 septembre 2009. Deux jours plus tard, soit le vendredi saint du mois de Ramadan, un autre d\u00e9cret a \u00e9t\u00e9 pris, accordant la gr\u00e2ce pr\u00e9sidentielle au principal accus\u00e9 de cette trag\u00e9die, l\u2019ancien pr\u00e9sident du CNDD, le capitaine Moussa Dadis Camara. Ces deux d\u00e9cisions, majoritairement bien accueillies par la population guin\u00e9enne, traduisent la volont\u00e9 in\u00e9branlable du G\u00e9n\u00e9ral Doumbouya, du CNRD et du gouvernement de renforcer le tissu social, d\u2019encourager le dialogue et de promouvoir un pardon v\u00e9ritable.<\/p>\n<p>Depuis le 5 septembre 2021, de nombreuses initiatives ont \u00e9t\u00e9 prises pour instaurer un climat social apais\u00e9, \u00e0 commencer par le dialogue inclusif inter-Guin\u00e9ens, les journ\u00e9es de pardon-v\u00e9rit\u00e9 et la promotion d\u2019une paix durable. Par ailleurs, dans la plupart des lieux de culte et face aux trag\u00e9dies r\u00e9centes qui ont frapp\u00e9 le pays \u2013 telles que l\u2019incendie du principal d\u00e9p\u00f4t d\u2019hydrocarbures de Coronthie et les \u00e9v\u00e9nements au stade r\u00e9gional de N\u2019Z\u00e9r\u00e9kor\u00e9 \u2013 des pri\u00e8res ont \u00e9t\u00e9 continuellement \u00e9lev\u00e9es pour la paix et la prosp\u00e9rit\u00e9 de la nation.<\/p>\n<p>Dans cette dynamique de r\u00e9conciliation, il est imp\u00e9ratif que nous saisissions cette p\u00e9riode de je\u00fbne musulman et de car\u00eame chr\u00e9tien pour implorer collectivement le Tout-Puissant afin qu\u2019Il nous pardonne et nous accorde Sa gr\u00e2ce. Des pri\u00e8res \u0153cum\u00e9niques pourraient \u00eatre organis\u00e9es \u00e0 travers tout le pays, pour demander pardon \u00e0 Dieu, mais aussi \u00e0 toutes les victimes des crises que la Guin\u00e9e a travers\u00e9es depuis la lutte pour l\u2019ind\u00e9pendance jusqu\u2019\u00e0 nos jours.<\/p>\n<p>Nous pourrions ainsi profiter de la Semaine Sainte marquant la fin du car\u00eame chr\u00e9tien pour organiser ces pri\u00e8res dans les 33 pr\u00e9fectures ainsi que dans la zone sp\u00e9ciale de Conakry. Ces c\u00e9r\u00e9monies, co-dirig\u00e9es par les autorit\u00e9s religieuses musulmanes et chr\u00e9tiennes, marqueraient un tournant dans notre engagement collectif \u00e0 d\u00e9passer les blessures du pass\u00e9.<\/p>\n<p>Par ailleurs, pour garantir que cette qu\u00eate de paix et de pardon se traduise en actions concr\u00e8tes, le Conseil National de la Transition (CNT), actuellement organe l\u00e9gislatif, pourrait \u00eatre sollicit\u00e9 pour l\u2019adoption d\u2019une loi interdisant, pour une p\u00e9riode \u00e0 d\u00e9finir, toute d\u00e9claration publique susceptible de raviver les traumatismes du pass\u00e9. Cette p\u00e9riode de silence et de r\u00e9flexion permettrait aux historiens, chercheurs et intellectuels guin\u00e9ens, avec le soutien financier de l\u2019\u00c9tat, d\u2019\u00e9crire une version objective, r\u00e9elle et document\u00e9e de notre histoire nationale.<\/p>\n<p>Dans cette qu\u00eate ardue de la paix et de la coh\u00e9sion sociale, l\u2019implication du secteur \u00e9ducatif ainsi que celle des m\u00e9dias \u2013 qu\u2019ils soient publics, priv\u00e9s ou traditionnels \u2013 sera d\u00e9terminante. Il s\u2019agira de faire accepter ce pardon national \u00e0 travers des campagnes de sensibilisation, des programmes \u00e9ducatifs et des d\u00e9bats constructifs.<\/p>\n<p>L\u2019objectif ultime est de consentir aux sacrifices n\u00e9cessaires pour exorciser les maux du pass\u00e9 et ouvrir la voie \u00e0 un avenir fond\u00e9 sur l\u2019unit\u00e9, la justice et la fraternit\u00e9. La r\u00e9conciliation v\u00e9ritable passe par un pardon sinc\u00e8re, qui ne signifie ni oubli ni impunit\u00e9, mais la volont\u00e9 partag\u00e9e d\u2019\u00e9crire ensemble un nouveau chapitre de notre histoire nationale qu\u2019on doit assumer, ensemble.<\/p>\n<p>Qu\u2019Allah d\u00e9verse paix et s\u00e9r\u00e9nit\u00e9 sur la Guin\u00e9e \u2013 notre paradis.<\/p>\n<p><strong>Honorable Cheick Tidiane Traor\u00e9<\/strong><br \/>\n<strong>Secr\u00e9taire National Ex\u00e9cutif de la SGMD25<\/strong><\/p>\n<p>&nbsp;<\/p>\n","protected":false},"excerpt":{"rendered":"<p>Dans un effort d\u2019apaisement des tensions sociales et de promotion du dialogue national, de la r\u00e9conciliation et du vivre-ensemble, le chef de l\u2019\u00c9tat, le G\u00e9n\u00e9ral Mamadi Doumbouya, a pos\u00e9 deux actes majeurs en l\u2019espace de deux jours, culminant durant Laylatoul Qadr \u00e0 la fin du Ramadan. Le mercredi 26 mars 2025, il a sign\u00e9 un [&hellip;]<\/p>\n","protected":false},"author":2,"featured_media":35262,"comment_status":"open","ping_status":"closed","sticky":false,"template":"","format":"standard","meta":{"buzzeditor_post_format":"","footnotes":""},"categories":[42],"tags":[],"class_list":["post-35261","post","type-post","status-publish","format-standard","has-post-thumbnail","hentry","category-news"],"jetpack_featured_media_url":"https:\/\/guineechrono.com\/wp-content\/uploads\/2025\/03\/cheickk.jpg","amp_enabled":true,"_links":{"self":[{"href":"https:\/\/guineechrono.com\/index.php\/wp-json\/wp\/v2\/posts\/35261","targetHints":{"allow":["GET"]}}],"collection":[{"href":"https:\/\/guineechrono.com\/index.php\/wp-json\/wp\/v2\/posts"}],"about":[{"href":"https:\/\/guineechrono.com\/index.php\/wp-json\/wp\/v2\/types\/post"}],"author":[{"embeddable":true,"href":"https:\/\/guineechrono.com\/index.php\/wp-json\/wp\/v2\/users\/2"}],"replies":[{"embeddable":true,"href":"https:\/\/guineechrono.com\/index.php\/wp-json\/wp\/v2\/comments?post=35261"}],"version-history":[{"count":1,"href":"https:\/\/guineechrono.com\/index.php\/wp-json\/wp\/v2\/posts\/35261\/revisions"}],"predecessor-version":[{"id":35263,"href":"https:\/\/guineechrono.com\/index.php\/wp-json\/wp\/v2\/posts\/35261\/revisions\/35263"}],"wp:featuredmedia":[{"embeddable":true,"href":"https:\/\/guineechrono.com\/index.php\/wp-json\/wp\/v2\/media\/35262"}],"wp:attachment":[{"href":"https:\/\/guineechrono.com\/index.php\/wp-json\/wp\/v2\/media?parent=35261"}],"wp:term":[{"taxonomy":"category","embeddable":true,"href":"https:\/\/guineechrono.com\/index.php\/wp-json\/wp\/v2\/categories?post=35261"},{"taxonomy":"post_tag","embeddable":true,"href":"https:\/\/guineechrono.com\/index.php\/wp-json\/wp\/v2\/tags?post=35261"}],"curies":[{"name":"wp","href":"https:\/\/api.w.org\/{rel}","templated":true}]}}