{"id":35286,"date":"2025-04-03T12:24:21","date_gmt":"2025-04-03T11:24:21","guid":{"rendered":"https:\/\/guineechrono.com\/?p=35286"},"modified":"2025-04-03T12:33:38","modified_gmt":"2025-04-03T11:33:38","slug":"mohamed-nabe-sur-la-fixation-de-la-date-du-referendum-nous-saluons-en-tant-que-parti-politique-cette-decision","status":"publish","type":"post","link":"https:\/\/guineechrono.com\/index.php\/mohamed-nabe-sur-la-fixation-de-la-date-du-referendum-nous-saluons-en-tant-que-parti-politique-cette-decision\/","title":{"rendered":"Mohamed Nab\u00e9 sur la fixation de la date du r\u00e9f\u00e9rendum: \u00ab Nous saluons en tant que parti politique cette d\u00e9cision \u00bb"},"content":{"rendered":"<p><strong>A travers un d\u00e9cret publi\u00e9 au journal t\u00e9l\u00e9vis\u00e9 du lundi 1<sup>er<\/sup> avril 2025, le g\u00e9n\u00e9ral Mamadi Doumbouya, Pr\u00e9sident de la transition a fix\u00e9 la date du referendum au 21 septembre 2025. Cette d\u00e9cision a \u00e9t\u00e9 salu\u00e9e par \u00a0Mohamed Nab\u00e9, pr\u00e9sident du parti Alliance pour le Renouveau et le Progr\u00e8s (ARP).<\/strong><\/p>\n<p>Selon Mohamed Nab\u00e9, cette d\u00e9cision est salu\u00e9e par la classe politique guin\u00e9enne. <em>\u00ab\u00a0Nous saluons en tant que parti politique cette d\u00e9cision. Parce qu\u2019il vous souviendra lors du discours de l\u2019an du G\u00e9n\u00e9ral Mamadi Doumbouya en d\u00e9cembre dernier, il avait d\u00e9j\u00e0 fix\u00e9 un certain nombre de cap, notamment la fixation de la date du r\u00e9f\u00e9rendum d\u2019ici la fin du premier trimestre. Effectivement, il a honor\u00e9 cet engagement. Donc, nous ne pouvons que saluer et nous r\u00e9jouir de cette fixation parce que, c\u2019est un pas de plus vers le retour \u00e0 l\u2019ordre constitutionnel.<\/em><\/p>\n<p><em>Je ne suis pas surpris, car je suis de ceux qui ont toujours esp\u00e9r\u00e9 contrairement aux informations qui circulaient comme quoi les autorit\u00e9s allaient organiser l\u2019\u00e9lection r\u00e9f\u00e9rendaire d\u2019ici le d\u00e9but des grandes pluies, que c\u2019est pratiquement impossible. Heureusement aujourd\u2019hui ce que j\u2019ai dit, c\u2019est ce qui se pointe \u00e0 l\u2019horizon. Parce que j\u2019ai toujours dit que l\u2019enr\u00f4lement doit \u00eatre fait car pour l\u2019instant on n\u2019a pas un fichier \u00e9lectoral. Et le temps de faire l\u2019enr\u00f4lement pour 45 jours, cela nous ram\u00e8ne d\u00e9j\u00e0 en d\u00e9but juin ou en fin mai et faire ce qu\u2019on appelle l\u2019\u00e9tude de ces donn\u00e9es, proc\u00e9der \u00e0 l\u2019\u00e9laboration du fichier, pr\u00e9parer toutes les autres \u00e9tapes de ce processus jusqu\u2019\u00e0 ce qu\u2019on puisse tenir l\u2019\u00e9lection, j\u2019ai trouv\u00e9 que c\u2019\u00e9tait un peu trop pr\u00e9tentieux de penser qu\u2019on peut le faire avant les grandes pluies, c\u2019est-\u00e0-dire avant le mois de juillet\u00a0\u00bb. <\/em><\/p>\n<p><em>Pour finir, le pr\u00e9sident d\u2019ARP a affirm\u00e9 que cette date est tenable. \u00ab\u00a0Je crois fermement en tant qu\u2019expert des questions \u00e9lectorales que cette date sera tenable\u00a0\u00bb,<\/em> conclut-il.<\/p>\n<p><strong>R\u00e9daction <\/strong><\/p>\n","protected":false},"excerpt":{"rendered":"<p>A travers un d\u00e9cret publi\u00e9 au journal t\u00e9l\u00e9vis\u00e9 du lundi 1er avril 2025, le g\u00e9n\u00e9ral Mamadi Doumbouya, Pr\u00e9sident de la transition a fix\u00e9 la date du referendum au 21 septembre 2025. Cette d\u00e9cision a \u00e9t\u00e9 salu\u00e9e par \u00a0Mohamed Nab\u00e9, pr\u00e9sident du parti Alliance pour le Renouveau et le Progr\u00e8s (ARP). Selon Mohamed Nab\u00e9, cette d\u00e9cision [&hellip;]<\/p>\n","protected":false},"author":2,"featured_media":35287,"comment_status":"open","ping_status":"closed","sticky":false,"template":"","format":"standard","meta":{"buzzeditor_post_format":"","footnotes":""},"categories":[42],"tags":[],"class_list":["post-35286","post","type-post","status-publish","format-standard","has-post-thumbnail","hentry","category-news"],"jetpack_featured_media_url":"https:\/\/guineechrono.com\/wp-content\/uploads\/2025\/04\/nnabee.jpg","amp_enabled":true,"_links":{"self":[{"href":"https:\/\/guineechrono.com\/index.php\/wp-json\/wp\/v2\/posts\/35286","targetHints":{"allow":["GET"]}}],"collection":[{"href":"https:\/\/guineechrono.com\/index.php\/wp-json\/wp\/v2\/posts"}],"about":[{"href":"https:\/\/guineechrono.com\/index.php\/wp-json\/wp\/v2\/types\/post"}],"author":[{"embeddable":true,"href":"https:\/\/guineechrono.com\/index.php\/wp-json\/wp\/v2\/users\/2"}],"replies":[{"embeddable":true,"href":"https:\/\/guineechrono.com\/index.php\/wp-json\/wp\/v2\/comments?post=35286"}],"version-history":[{"count":3,"href":"https:\/\/guineechrono.com\/index.php\/wp-json\/wp\/v2\/posts\/35286\/revisions"}],"predecessor-version":[{"id":35290,"href":"https:\/\/guineechrono.com\/index.php\/wp-json\/wp\/v2\/posts\/35286\/revisions\/35290"}],"wp:featuredmedia":[{"embeddable":true,"href":"https:\/\/guineechrono.com\/index.php\/wp-json\/wp\/v2\/media\/35287"}],"wp:attachment":[{"href":"https:\/\/guineechrono.com\/index.php\/wp-json\/wp\/v2\/media?parent=35286"}],"wp:term":[{"taxonomy":"category","embeddable":true,"href":"https:\/\/guineechrono.com\/index.php\/wp-json\/wp\/v2\/categories?post=35286"},{"taxonomy":"post_tag","embeddable":true,"href":"https:\/\/guineechrono.com\/index.php\/wp-json\/wp\/v2\/tags?post=35286"}],"curies":[{"name":"wp","href":"https:\/\/api.w.org\/{rel}","templated":true}]}}