{"id":35295,"date":"2025-04-05T16:15:36","date_gmt":"2025-04-05T15:15:36","guid":{"rendered":"https:\/\/guineechrono.com\/?p=35295"},"modified":"2025-04-05T16:15:36","modified_gmt":"2025-04-05T15:15:36","slug":"guinee-le-premier-ministre-fait-letat-des-lieux-du-recensement-de-la-population-et-de-lhabitat-rgph-4","status":"publish","type":"post","link":"https:\/\/guineechrono.com\/index.php\/guinee-le-premier-ministre-fait-letat-des-lieux-du-recensement-de-la-population-et-de-lhabitat-rgph-4\/","title":{"rendered":"Guin\u00e9e: le Premier Ministre fait l\u2019\u00e9tat des lieux du Recensement de la population et de l\u2019habitat (RGPH-4)"},"content":{"rendered":"<p>Le Premier ministre, Chef du Gouvernement, <a href=\"https:\/\/www.facebook.com\/PMGUINEE17?__cft__%5b0%5d=AZU8jB6OC9dZ05nZc5yqbs0CnjazZNFzSruiCMFZ8JuMOtobtGLmd4vmG-3qP1H2fChiOl9t3LO3thMgGmTJFzxcyRJBEbqp63d_5H67ZWg18WB7X3hcJmvej3YAb0tNB7gOWiLBuj_3_qTJjfZJqyJTaEFJJ51RNo08zxnkXBZoGsDYFoNSSisfrER3n3f41m9obM1RSOkDd5FkkJyEs0UaWnk7KRbv99ax27qw5rSyAg&amp;__tn__=-%5dK-R\">Amadou Oury BAH<\/a> a r\u00e9uni plusieurs membres de son cabinet ainsi que des partenaires au d\u00e9veloppement afin de faire un \u00e9tat des lieux du processus du Recensement G\u00e9n\u00e9ral de la Population et de l\u2019Habitation (<a href=\"https:\/\/www.facebook.com\/hashtag\/rgph?__eep__=6&amp;__cft__%5b0%5d=AZU8jB6OC9dZ05nZc5yqbs0CnjazZNFzSruiCMFZ8JuMOtobtGLmd4vmG-3qP1H2fChiOl9t3LO3thMgGmTJFzxcyRJBEbqp63d_5H67ZWg18WB7X3hcJmvej3YAb0tNB7gOWiLBuj_3_qTJjfZJqyJTaEFJJ51RNo08zxnkXBZoGsDYFoNSSisfrER3n3f41m9obM1RSOkDd5FkkJyEs0UaWnk7KRbv99ax27qw5rSyAg&amp;__tn__=*NK-R\"> RGPH<\/a>-4).<\/p>\n<p>\u00c0 l\u2019issue des \u00e9changes, le Ministre du Plan et de la Coop\u00e9ration Internationale, Isma\u00ebl Nab\u00e9, a soulign\u00e9 l\u2019importance capitale de ce recensement pour le d\u00e9veloppement de la Guin\u00e9e. Il a pr\u00e9cis\u00e9 que le RGPH-4 ne concerne pas uniquement les citoyens guin\u00e9ens, mais l\u2019ensemble des personnes r\u00e9sidant sur le territoire national.<\/p>\n<p>Dans cette dynamique, le Premier ministre a instruit les membres du Gouvernement d\u2019acc\u00e9l\u00e9rer le processus afin que les op\u00e9rations avancent de mani\u00e8re significative d\u2019ici juin 2025.<\/p>\n<p><strong>Avec CCG<\/strong><\/p>\n","protected":false},"excerpt":{"rendered":"<p>Le Premier ministre, Chef du Gouvernement, Amadou Oury BAH a r\u00e9uni plusieurs membres de son cabinet ainsi que des partenaires au d\u00e9veloppement afin de faire un \u00e9tat des lieux du processus du Recensement G\u00e9n\u00e9ral de la Population et de l\u2019Habitation ( RGPH-4). \u00c0 l\u2019issue des \u00e9changes, le Ministre du Plan et de la Coop\u00e9ration Internationale, [&hellip;]<\/p>\n","protected":false},"author":2,"featured_media":35296,"comment_status":"open","ping_status":"closed","sticky":false,"template":"","format":"standard","meta":{"buzzeditor_post_format":"","footnotes":""},"categories":[42],"tags":[],"class_list":["post-35295","post","type-post","status-publish","format-standard","has-post-thumbnail","hentry","category-news"],"jetpack_featured_media_url":"https:\/\/guineechrono.com\/wp-content\/uploads\/2025\/04\/ppm.jpg","amp_enabled":true,"_links":{"self":[{"href":"https:\/\/guineechrono.com\/index.php\/wp-json\/wp\/v2\/posts\/35295","targetHints":{"allow":["GET"]}}],"collection":[{"href":"https:\/\/guineechrono.com\/index.php\/wp-json\/wp\/v2\/posts"}],"about":[{"href":"https:\/\/guineechrono.com\/index.php\/wp-json\/wp\/v2\/types\/post"}],"author":[{"embeddable":true,"href":"https:\/\/guineechrono.com\/index.php\/wp-json\/wp\/v2\/users\/2"}],"replies":[{"embeddable":true,"href":"https:\/\/guineechrono.com\/index.php\/wp-json\/wp\/v2\/comments?post=35295"}],"version-history":[{"count":1,"href":"https:\/\/guineechrono.com\/index.php\/wp-json\/wp\/v2\/posts\/35295\/revisions"}],"predecessor-version":[{"id":35297,"href":"https:\/\/guineechrono.com\/index.php\/wp-json\/wp\/v2\/posts\/35295\/revisions\/35297"}],"wp:featuredmedia":[{"embeddable":true,"href":"https:\/\/guineechrono.com\/index.php\/wp-json\/wp\/v2\/media\/35296"}],"wp:attachment":[{"href":"https:\/\/guineechrono.com\/index.php\/wp-json\/wp\/v2\/media?parent=35295"}],"wp:term":[{"taxonomy":"category","embeddable":true,"href":"https:\/\/guineechrono.com\/index.php\/wp-json\/wp\/v2\/categories?post=35295"},{"taxonomy":"post_tag","embeddable":true,"href":"https:\/\/guineechrono.com\/index.php\/wp-json\/wp\/v2\/tags?post=35295"}],"curies":[{"name":"wp","href":"https:\/\/api.w.org\/{rel}","templated":true}]}}