{"id":35298,"date":"2019-03-10T12:31:18","date_gmt":"2019-03-10T11:31:18","guid":{"rendered":"https:\/\/guineechrono.com\/?p=35298"},"modified":"2025-04-06T02:08:14","modified_gmt":"2025-04-06T01:08:14","slug":"politique-un-conflit-inter-ethnique-fait-1-morts-et-une-dizaine-de-blesses-a-bambeto","status":"publish","type":"post","link":"https:\/\/guineechrono.com\/index.php\/politique-un-conflit-inter-ethnique-fait-1-morts-et-une-dizaine-de-blesses-a-bambeto\/","title":{"rendered":"Politique : un conflit inter-ethnique fait 1 morts et une dizaine de bless\u00e9s \u00e0 Bambeto"},"content":{"rendered":"<p>Une personne est morte et au moins 18 ont \u00e9t\u00e9 bless\u00e9es \u00e0 Bambeto, commune de Ratoma fief de l\u2019opposition secou\u00e9e par des violences ethniques, pendant deux jours, du 02 au 03 mars 2019. Des heurts r\u00e9currents dans cette zone aux nombreuses majorit\u00e9s peuhls. Le discorde entre le pouvoir et l\u2019opposition est souvent la cause de conflits entre populations.<\/p>\n<p>Les affrontements ont commenc\u00e9 dans la journ\u00e9e de Samedi apr\u00e8s que des Soussous et Malink\u00e9s eurent refus\u00e9 de prendre part au mouvement de gr\u00e8ve d\u00e9clench\u00e9 par des jeunes de l\u2019opposition \u00e0 majorit\u00e9 peulhs pour protester contre l&rsquo;obscurit\u00e9 dans les quartiers de Bambeto qui ont fait une semaine sans le courant.<\/p>\n<p>Les Peulhs sont majoritairement opposants et se consid\u00e8rent comme les seuls habitants de la Zone. Les Sousous sont g\u00e9n\u00e9ralement minoritaires et se consid\u00e8rent comme les populations autochtones de la Zone. Selon un habitant de Bambeto qui a requis l&rsquo;anonymat, \u00ab ces affrontements \u00e0 caract\u00e8re communautaire sont la cons\u00e9quence directe de multiples appels de l\u2019opposition qui \u00e0 chaque fois, fait appel aux jeunes militants et sympathisants de l\u2019opposition de sortir manifester violemment et ces manifestations ont caus\u00e9s beaucoup de morts et des d\u00e9g\u00e2ts mat\u00e9riels tr\u00e8s importants.<\/p>\n<p>Aujourd\u2019hui \u00e0 Bambeto des politiciens et militants de la mouvance au pouvoir ne sont pas en s\u00e9curit\u00e9, c\u2019est l&rsquo;ins\u00e9curit\u00e9 qui r\u00e8gne dans cette zone de l\u2019opposition, pour preuve monsieur Alhassane Sylla assassin\u00e9 dans ce conflit inter-ethnique est membre du RPG Arc-en-ciel tr\u00e8s influent et connu de la Zone de Bambeto, comme un fervent serviteur du Pr Alpha Cond\u00e9. J&rsquo;ai vu une foule qui venait du march\u00e9 Koloma.<\/p>\n<p>Des jeunes Peulhs arm\u00e9s de gourdins et de machettes. Ils ont commenc\u00e9 \u00e0 jeter des gros cailloux sur sa maison, j&rsquo;ai couru jusqu&rsquo;\u00e0 la maison. J&rsquo;ai pu pr\u00e9venir sa femme, qui est sortie avec ses deux enfants Salifou Sylla et Mariam Sylla, depuis lors on a aucune nouvelle d\u2019eux, vivant ou pas on ne sait rien du tout. C\u2019\u00e9tait tr\u00e8s violent. Les jeunes \u00e9taient arm\u00e9s de machettes et de gourdins.<\/p>\n<p>Il y a eu beaucoup de bless\u00e9s. J\u2019ai vu monsieur Alhassane Sylla se faire tabasser. Il a perdu connaissance et a \u00e9t\u00e9 \u00e9vacu\u00e9 au CHU Donka, mais malheureusement il a succomb\u00e9 \u00e0 ses blessures. En tant que jeune leader de la Zone, je c\u00f4toie les communaut\u00e9s. Les principaux moments de tensions se ressentent lors des \u00e9lections. Il faut arr\u00eater de tout ramener \u00e0 l\u2019ethnicit\u00e9 \u00bb, a-t-il expliqu\u00e9 notre source sous l&rsquo;anonymat.<\/p>\n<p><strong>Abdoul Karim Bangoura<\/strong><\/p>\n","protected":false},"excerpt":{"rendered":"<p>Une personne est morte et au moins 18 ont \u00e9t\u00e9 bless\u00e9es \u00e0 Bambeto, commune de Ratoma fief de l\u2019opposition secou\u00e9e par des violences ethniques, pendant deux jours, du 02 au 03 mars 2019. Des heurts r\u00e9currents dans cette zone aux nombreuses majorit\u00e9s peuhls. Le discorde entre le pouvoir et l\u2019opposition est souvent la cause de [&hellip;]<\/p>\n","protected":false},"author":2,"featured_media":35299,"comment_status":"open","ping_status":"closed","sticky":false,"template":"","format":"standard","meta":{"buzzeditor_post_format":"","footnotes":""},"categories":[2,42,43],"tags":[],"class_list":["post-35298","post","type-post","status-publish","format-standard","has-post-thumbnail","hentry","category-featured","category-news","category-politique"],"jetpack_featured_media_url":"https:\/\/guineechrono.com\/wp-content\/uploads\/2025\/04\/IMG-20250405-WA0027.jpg","amp_enabled":true,"_links":{"self":[{"href":"https:\/\/guineechrono.com\/index.php\/wp-json\/wp\/v2\/posts\/35298","targetHints":{"allow":["GET"]}}],"collection":[{"href":"https:\/\/guineechrono.com\/index.php\/wp-json\/wp\/v2\/posts"}],"about":[{"href":"https:\/\/guineechrono.com\/index.php\/wp-json\/wp\/v2\/types\/post"}],"author":[{"embeddable":true,"href":"https:\/\/guineechrono.com\/index.php\/wp-json\/wp\/v2\/users\/2"}],"replies":[{"embeddable":true,"href":"https:\/\/guineechrono.com\/index.php\/wp-json\/wp\/v2\/comments?post=35298"}],"version-history":[{"count":1,"href":"https:\/\/guineechrono.com\/index.php\/wp-json\/wp\/v2\/posts\/35298\/revisions"}],"predecessor-version":[{"id":35300,"href":"https:\/\/guineechrono.com\/index.php\/wp-json\/wp\/v2\/posts\/35298\/revisions\/35300"}],"wp:featuredmedia":[{"embeddable":true,"href":"https:\/\/guineechrono.com\/index.php\/wp-json\/wp\/v2\/media\/35299"}],"wp:attachment":[{"href":"https:\/\/guineechrono.com\/index.php\/wp-json\/wp\/v2\/media?parent=35298"}],"wp:term":[{"taxonomy":"category","embeddable":true,"href":"https:\/\/guineechrono.com\/index.php\/wp-json\/wp\/v2\/categories?post=35298"},{"taxonomy":"post_tag","embeddable":true,"href":"https:\/\/guineechrono.com\/index.php\/wp-json\/wp\/v2\/tags?post=35298"}],"curies":[{"name":"wp","href":"https:\/\/api.w.org\/{rel}","templated":true}]}}