{"id":35325,"date":"2025-04-07T12:55:54","date_gmt":"2025-04-07T11:55:54","guid":{"rendered":"https:\/\/guineechrono.com\/?p=35325"},"modified":"2025-04-07T12:55:54","modified_gmt":"2025-04-07T11:55:54","slug":"matd-les-administrateurs-territoriaux-dotes-des-vehicules-de-commandement","status":"publish","type":"post","link":"https:\/\/guineechrono.com\/index.php\/matd-les-administrateurs-territoriaux-dotes-des-vehicules-de-commandement\/","title":{"rendered":"MATD: les administrateurs territoriaux dot\u00e9s des v\u00e9hicules de commandement"},"content":{"rendered":"<p><strong>La remise officielle a eu lieu le samedi, 05 avril 2025 au minist\u00e8re de l\u2019administration du territoire et de la d\u00e9centralisation en pr\u00e9sence de plusieurs cadres.<\/strong><\/p>\n<p>En recevant ces engins, les b\u00e9n\u00e9ficiaires ont non seulement remerci\u00e9 le Pr\u00e9sident de la R\u00e9publique mais aussi exprim\u00e9 leur engagement \u00e0 l\u2019utilisation judicieuse de ces engins.<\/p>\n<p>Le ministre de l\u2019administration du territoire et de la d\u00e9centralisation, Ibrahima Kalil Cond\u00e9 a not\u00e9 que ces v\u00e9hicules visent \u00e0 am\u00e9liorer les conditions de travail des administrateurs territoriaux et pour l\u2019accomplissement de leurs missions.<\/p>\n<p>\u00ab\u00a0<em>Ces v\u00e9hicules sont des outils pr\u00e9cieux pour vous permettre d\u2019accomplir vos missions avec efficacit\u00e9 et dynamisme. De vous d\u00e9placer plus facilement sur le terrain pour mieux comprendre les r\u00e9alit\u00e9s locales et de r\u00e9pondre aux urgences avec plus de rapidit\u00e9 \u00bb<\/em>.<\/p>\n<p>Il a ensuite invit\u00e9 les b\u00e9n\u00e9ficiaires \u00e0 utiliser ces engins \u00e0 bon \u00e9ch\u00e9ant. <em>\u00ab\u00a0Utiliser ces v\u00e9hicules de mani\u00e8re responsable et \u00e0 les entretenir avec soin afin qu\u2019ils puissent servir longtemps et efficacement. Car, ils constituent une dotation qui s\u2019inscrit dans le cadre de la modernisation de l\u2019administration de notre pays\u00a0et de la restauration de l\u2019autorit\u00e9 de l\u2019\u00c9tat \u00bb<\/em>.<\/p>\n<p><strong>Djiba Kouyat\u00e9<\/strong><\/p>\n<p>&nbsp;<\/p>\n","protected":false},"excerpt":{"rendered":"<p>La remise officielle a eu lieu le samedi, 05 avril 2025 au minist\u00e8re de l\u2019administration du territoire et de la d\u00e9centralisation en pr\u00e9sence de plusieurs cadres. En recevant ces engins, les b\u00e9n\u00e9ficiaires ont non seulement remerci\u00e9 le Pr\u00e9sident de la R\u00e9publique mais aussi exprim\u00e9 leur engagement \u00e0 l\u2019utilisation judicieuse de ces engins. Le ministre de [&hellip;]<\/p>\n","protected":false},"author":2,"featured_media":35326,"comment_status":"open","ping_status":"closed","sticky":false,"template":"","format":"standard","meta":{"buzzeditor_post_format":"","footnotes":""},"categories":[42],"tags":[],"class_list":["post-35325","post","type-post","status-publish","format-standard","has-post-thumbnail","hentry","category-news"],"jetpack_featured_media_url":"https:\/\/guineechrono.com\/wp-content\/uploads\/2025\/04\/vvehicule.jpg","amp_enabled":true,"_links":{"self":[{"href":"https:\/\/guineechrono.com\/index.php\/wp-json\/wp\/v2\/posts\/35325","targetHints":{"allow":["GET"]}}],"collection":[{"href":"https:\/\/guineechrono.com\/index.php\/wp-json\/wp\/v2\/posts"}],"about":[{"href":"https:\/\/guineechrono.com\/index.php\/wp-json\/wp\/v2\/types\/post"}],"author":[{"embeddable":true,"href":"https:\/\/guineechrono.com\/index.php\/wp-json\/wp\/v2\/users\/2"}],"replies":[{"embeddable":true,"href":"https:\/\/guineechrono.com\/index.php\/wp-json\/wp\/v2\/comments?post=35325"}],"version-history":[{"count":1,"href":"https:\/\/guineechrono.com\/index.php\/wp-json\/wp\/v2\/posts\/35325\/revisions"}],"predecessor-version":[{"id":35327,"href":"https:\/\/guineechrono.com\/index.php\/wp-json\/wp\/v2\/posts\/35325\/revisions\/35327"}],"wp:featuredmedia":[{"embeddable":true,"href":"https:\/\/guineechrono.com\/index.php\/wp-json\/wp\/v2\/media\/35326"}],"wp:attachment":[{"href":"https:\/\/guineechrono.com\/index.php\/wp-json\/wp\/v2\/media?parent=35325"}],"wp:term":[{"taxonomy":"category","embeddable":true,"href":"https:\/\/guineechrono.com\/index.php\/wp-json\/wp\/v2\/categories?post=35325"},{"taxonomy":"post_tag","embeddable":true,"href":"https:\/\/guineechrono.com\/index.php\/wp-json\/wp\/v2\/tags?post=35325"}],"curies":[{"name":"wp","href":"https:\/\/api.w.org\/{rel}","templated":true}]}}