{"id":35337,"date":"2025-04-07T20:34:31","date_gmt":"2025-04-07T19:34:31","guid":{"rendered":"https:\/\/guineechrono.com\/?p=35337"},"modified":"2025-04-07T20:34:31","modified_gmt":"2025-04-07T19:34:31","slug":"mohamed-nabe-la-seule-condition-pour-que-toutes-les-elections-puissent-se-tenir-en-2025-il-faut-quil-ait-des-elections-couplees","status":"publish","type":"post","link":"https:\/\/guineechrono.com\/index.php\/mohamed-nabe-la-seule-condition-pour-que-toutes-les-elections-puissent-se-tenir-en-2025-il-faut-quil-ait-des-elections-couplees\/","title":{"rendered":"Mohamed Nab\u00e9 : \u00ab La seule condition pour que toutes les \u00e9lections puissent se tenir en 2025, il faut qu\u2019il ait des \u00e9lections coupl\u00e9es \u00bb"},"content":{"rendered":"<p><strong>A travers un d\u00e9cret publi\u00e9 r\u00e9cemment au journal t\u00e9l\u00e9vis\u00e9, le g\u00e9n\u00e9ral Mamadi Doumbouya a fix\u00e9 la date du r\u00e9f\u00e9rendum au 21 septembre 2025. \u00a0<\/strong><\/p>\n<p>Une situation qui suscite des inqui\u00e9tudes au sein de la classe politique guin\u00e9enne.<\/p>\n<p>Interrog\u00e9 par nos confr\u00e8res de siaminfos.com, le pr\u00e9sident du parti Alliance pour le Renouveau et le Progr\u00e8s (ARP), pose des conditions pour que ces \u00e9lections se tiennent l\u2019une apr\u00e8s l\u2019autre en 2025. <strong>\u00ab\u00a0La seule condition aujourd\u2019hui pour que toutes les \u00e9lections puissent se tenir cette ann\u00e9e, il faut qu\u2019il ait des \u00e9lections coupl\u00e9es\u00a0\u00bb<\/strong>.<\/p>\n<p>Selon lui, on ne peut pas organiser quatre \u00e9lections en un trimestre. <strong>\u00ab\u00a0Faire le r\u00e9f\u00e9rendum constitutionnel en septembre et organiser les trois autres \u00e9lections de fa\u00e7on s\u00e9par\u00e9e d\u2019ici la fin de l\u2019ann\u00e9e. Mais, il y a une chance de le faire. C\u2019est qu\u2019apr\u00e8s avoir organis\u00e9 le r\u00e9f\u00e9rendum en septembre, si on couple les \u00e9lections c\u2019est-\u00e0-dire, on fait les \u00e9lections g\u00e9n\u00e9rales, il y a une forte chance que l\u2019on s\u2019en sorte d\u2019ici la fin de cette ann\u00e9e. Mais de fa\u00e7on s\u00e9par\u00e9e, \u00e7a sera impossible\u00a0\u00bb<\/strong>.<\/p>\n<p>Il faut rappeler que le Pr\u00e9sident Mamadi Doumbouya avait promis lors de son discours de nouvel an d\u2019organiser toutes les \u00e9lections en 2025.<\/p>\n<p><strong>R\u00e9daction <\/strong><\/p>\n","protected":false},"excerpt":{"rendered":"<p>A travers un d\u00e9cret publi\u00e9 r\u00e9cemment au journal t\u00e9l\u00e9vis\u00e9, le g\u00e9n\u00e9ral Mamadi Doumbouya a fix\u00e9 la date du r\u00e9f\u00e9rendum au 21 septembre 2025. \u00a0 Une situation qui suscite des inqui\u00e9tudes au sein de la classe politique guin\u00e9enne. Interrog\u00e9 par nos confr\u00e8res de siaminfos.com, le pr\u00e9sident du parti Alliance pour le Renouveau et le Progr\u00e8s (ARP), [&hellip;]<\/p>\n","protected":false},"author":2,"featured_media":35338,"comment_status":"open","ping_status":"closed","sticky":false,"template":"","format":"standard","meta":{"buzzeditor_post_format":"","footnotes":""},"categories":[43],"tags":[],"class_list":["post-35337","post","type-post","status-publish","format-standard","has-post-thumbnail","hentry","category-politique"],"jetpack_featured_media_url":"https:\/\/guineechrono.com\/wp-content\/uploads\/2025\/04\/NNabe.jpg","amp_enabled":true,"_links":{"self":[{"href":"https:\/\/guineechrono.com\/index.php\/wp-json\/wp\/v2\/posts\/35337","targetHints":{"allow":["GET"]}}],"collection":[{"href":"https:\/\/guineechrono.com\/index.php\/wp-json\/wp\/v2\/posts"}],"about":[{"href":"https:\/\/guineechrono.com\/index.php\/wp-json\/wp\/v2\/types\/post"}],"author":[{"embeddable":true,"href":"https:\/\/guineechrono.com\/index.php\/wp-json\/wp\/v2\/users\/2"}],"replies":[{"embeddable":true,"href":"https:\/\/guineechrono.com\/index.php\/wp-json\/wp\/v2\/comments?post=35337"}],"version-history":[{"count":1,"href":"https:\/\/guineechrono.com\/index.php\/wp-json\/wp\/v2\/posts\/35337\/revisions"}],"predecessor-version":[{"id":35339,"href":"https:\/\/guineechrono.com\/index.php\/wp-json\/wp\/v2\/posts\/35337\/revisions\/35339"}],"wp:featuredmedia":[{"embeddable":true,"href":"https:\/\/guineechrono.com\/index.php\/wp-json\/wp\/v2\/media\/35338"}],"wp:attachment":[{"href":"https:\/\/guineechrono.com\/index.php\/wp-json\/wp\/v2\/media?parent=35337"}],"wp:term":[{"taxonomy":"category","embeddable":true,"href":"https:\/\/guineechrono.com\/index.php\/wp-json\/wp\/v2\/categories?post=35337"},{"taxonomy":"post_tag","embeddable":true,"href":"https:\/\/guineechrono.com\/index.php\/wp-json\/wp\/v2\/tags?post=35337"}],"curies":[{"name":"wp","href":"https:\/\/api.w.org\/{rel}","templated":true}]}}