{"id":3534,"date":"2019-04-02T18:06:04","date_gmt":"2019-04-02T17:06:04","guid":{"rendered":"http:\/\/guineechrono.com\/?p=3534"},"modified":"2020-05-19T16:34:44","modified_gmt":"2020-05-19T15:34:44","slug":"algerie-les-etudiants-dans-la-rue-malgre-lannonce-de-la-demission-du-president","status":"publish","type":"post","link":"https:\/\/guineechrono.com\/index.php\/algerie-les-etudiants-dans-la-rue-malgre-lannonce-de-la-demission-du-president\/","title":{"rendered":"Alg\u00e9rie: les \u00e9tudiants dans la rue malgr\u00e9 l\u2019annonce de la d\u00e9mission du pr\u00e9sident"},"content":{"rendered":"<p><strong>Fin de r\u00e8gne en Alg\u00e9rie, Abdelaziz Bouteflika d\u00e9missionnera avant la fin du mois. D&rsquo;ici l\u00e0, la pr\u00e9sidence doit prendre \u00ab\u00a0d&rsquo;importantes d\u00e9cisions\u00a0\u00bb. De leur c\u00f4t\u00e9, les manifestants r\u00e9clament toujours la fin du \u00ab\u00a0syst\u00e8me\u00a0\u00bb et les \u00e9tudiants sont de retour dans les rues d\u2019Alger.<\/strong><\/p>\n<p>Les \u00e9tudiants ont d\u00e9fil\u00e9 dans les rues d\u2019Alger toujours avec la m\u00eame ferveur, m\u00eame s\u2019ils \u00e9taient moins nombreux aujourd\u2019hui, du fait des vacances scolaires. Une nouvelle fois, les \u00e9tudiants se sont donn\u00e9 rendez-vous dans le centre-ville pour dire que<strong><a href=\"http:\/\/www.rfi.fr\/afrique\/20190401-algerie-demission-president-abdelaziz-bouteflika-avant-fin-mandat\">\u00a0l\u2019annonce de la d\u00e9mission d\u2019Abdelaziz Bouteflika\u00a0<\/a><\/strong>n\u2019a rien r\u00e9gl\u00e9.<\/p>\n<p>C\u2019est ce que pense Fara 27 ans, \u00e9tudiante en sciences\u00a0: \u00ab\u00a0<em>Non, non, \u00e7a ne r\u00e8gle vraiment pas le probl\u00e8me. Pour l\u2019instant, on a l\u2019impression qu\u2019on se moque de nous. Parce que nous avons demand\u00e9 \u00e0 ce que tout le monde d\u00e9pose une d\u00e9mission. Pas que Bouteflika. Tous dans le syst\u00e8me\u00a0! On ne veut plus de corruption, on ne veut plus rien de ce syst\u00e8me.<\/em>\u00a0\u00bb<\/p>\n<p>\u00c0 ses c\u00f4t\u00e9s, son amie Sonia, 20 ans, est du m\u00eame avis\u00a0: \u00ab\u00a0<em>Nous ne voulons plus de ce pouvoir\u00a0! Nous demandons un d\u00e9part de ce pouvoir et un nouveau gouvernement qui sera \u00e0 l\u2019image des jeunes, qui nous repr\u00e9sente\u00a0!<\/em>\u00a0\u00bb<\/p>\n<p>Les chansons, les slogans, rivalisent d\u2019originalit\u00e9. \u00ab\u00a0<em>Le pronostic vital de ce syst\u00e8me est engag\u00e9<\/em>\u00a0\u00bb, pouvait-on lire sur des banderoles, ou encore\u00a0: \u00ab\u00a0<em>Vos int\u00e9r\u00eats sont en Alg\u00e9rie, mais nous, notre int\u00e9r\u00eat c\u2019est l\u2019Alg\u00e9rie<\/em>\u00a0\u00bb. Le message, six semaines apr\u00e8s le d\u00e9but de la contestation, est qu\u2019il faut rester mobilis\u00e9 face \u00e0 un pouvoir qui l\u00e2che trop peu.<\/p>\n<p>\u00ab\u00a0<em>Le plus important c\u2019est que le peuple n\u2019arr\u00eate pas. M\u00eame s\u2019ils essaient de nous casser, de nous briser, de nous s\u00e9parer. Le peuple doit rester r\u00e9uni. Parce que l\u00e0, on nous met devant le fait accompli, avec l\u2019application du 102. Il faut montrer que le peuple n\u2019est pas d\u2019accord et que les modalit\u00e9s d\u2019application de l\u2019article 102 sont refus\u00e9es en tant que telles. Parce que, avec ce gouvernement actuel, sans une transition r\u00e9elle, sans une autre instance des \u00e9lections, il n\u2019est pas possible pour nous d\u2019accepter ces conditions-l\u00e0<\/em>\u00a0\u00bb, estime Anis, 19 ans, est \u00e9tudiant en polytechnique.<\/p>\n<p>Les \u00e9tudiants refusent la transition telle qu\u2019elle est propos\u00e9e pour le moment par le pouvoir. Ils demandent une transition plus longue, g\u00e9r\u00e9e par des personnalit\u00e9s choisies par le peuple, pour avoir de vraies \u00e9lections. Et en tant qu\u2019\u00e9tudiants, tous, comme Anis, se disent investis d\u2019une responsabilit\u00e9\u00a0: \u00ab\u00a0<em>En tant que jeunes, en tant qu\u2019\u00e9tudiants, le futur c\u2019est \u00e0 nous de le construire. Ce n\u2019est pas \u00e0 eux. Eux, ils ont fait quoi ? Ils ont eu vingt ans de r\u00e8gne et ils n\u2019ont rien fait. Vous voyez\u2026 Mais nous, les jeunes, on est pr\u00eats. On est pr\u00eats \u00e0 reconstruire ce pays d\u2019A \u00e0 Z.<\/em>\u00a0\u00bb<\/p>\n<p>Rendez-vous est donc donn\u00e9 vendredi \u00e0 tout le pays pour une nouvelle contestation populaire et joyeuse.<\/p>\n<p><a href=\"http:\/\/www.rfi.fr\/afrique\/20190402-algerie-demission-bouteflika-reaction-reseaux\">D&rsquo;ici le 28 avril,<\/a>\u00a0le pouvoir souhaite prendre \u00ab\u00a0<em>d&rsquo;importantes d\u00e9cisions pour assurer la continuit\u00e9 du fonctionnement des institutions de l&rsquo;\u00c9tat durant la p\u00e9riode de transition<\/em>\u00a0\u00bb sans plus de pr\u00e9cision. Il pourrait y avoir d&rsquo;abord la nomination d&rsquo;un nouveau pr\u00e9sident du Conseil de la nation. C&rsquo;est lui qui est cens\u00e9 assurer l&rsquo;int\u00e9rim apr\u00e8s la d\u00e9mission effective d\u2019Abdelaziz Bouteflika. L&rsquo;actuel, Abdelkader Bensalah, 77 ans, est une personnalit\u00e9 rejet\u00e9e, symbole du syst\u00e8me actuel.<\/p>\n<p>Un changement de gouvernement n&rsquo;est pas exclu non plus. Le Premier ministre Noureddine Bedoui n\u2019a la confiance ni des politiques ni des manifestants.<strong>\u00a0<\/strong><a href=\"http:\/\/www.rfi.fr\/afrique\/20190331-algerie-noureddine-bedoui-tete-nouveau-gouvernement-27-membres\">Le gouvernement remani\u00e9 de dimanche\u00a0<\/a>ne r\u00e9pond en aucun cas aux attentes. Il pourrait aussi y avoir des nominations \u00e0 la t\u00eate d&rsquo;institutions de l&rsquo;\u00c9tat, comme un gage de transparence. Que ce soit \u00e0 la t\u00eate des m\u00e9dias publics ou encore de la banque d\u2019Alg\u00e9rie, selon le site alg\u00e9rien TSA.<\/p>\n<p>Certains r\u00e9clament aussi l&rsquo;\u00e9lection d&rsquo;une constituante et pas d&rsquo;un nouveau pr\u00e9sident dans l&rsquo;imm\u00e9diat. Ce que l\u2019on peut dire sans trop se tromper, c&rsquo;est que le pouvoir va devoir \u00eatre inventif. Car le sc\u00e9nario d&rsquo;une transition classique, telle que pr\u00e9vue par la Constitution, ne\u00a0suffira pas.<\/p>\n<p><strong>rfi<\/strong><\/p>\n","protected":false},"excerpt":{"rendered":"<p>Fin de r\u00e8gne en Alg\u00e9rie, Abdelaziz Bouteflika d\u00e9missionnera avant la fin du mois. D&rsquo;ici l\u00e0, la pr\u00e9sidence doit prendre \u00ab\u00a0d&rsquo;importantes d\u00e9cisions\u00a0\u00bb. De leur c\u00f4t\u00e9, les manifestants r\u00e9clament toujours la fin du \u00ab\u00a0syst\u00e8me\u00a0\u00bb et les \u00e9tudiants sont de retour dans les rues d\u2019Alger. Les \u00e9tudiants ont d\u00e9fil\u00e9 dans les rues d\u2019Alger toujours avec la m\u00eame ferveur, [&hellip;]<\/p>\n","protected":false},"author":2,"featured_media":3535,"comment_status":"open","ping_status":"closed","sticky":false,"template":"","format":"standard","meta":{"buzzeditor_post_format":"","footnotes":""},"categories":[1,43],"tags":[],"class_list":["post-3534","post","type-post","status-publish","format-standard","has-post-thumbnail","hentry","category-non-classe","category-politique"],"jetpack_featured_media_url":"https:\/\/guineechrono.com\/wp-content\/uploads\/2019\/04\/etudiant.jpg","amp_enabled":true,"_links":{"self":[{"href":"https:\/\/guineechrono.com\/index.php\/wp-json\/wp\/v2\/posts\/3534","targetHints":{"allow":["GET"]}}],"collection":[{"href":"https:\/\/guineechrono.com\/index.php\/wp-json\/wp\/v2\/posts"}],"about":[{"href":"https:\/\/guineechrono.com\/index.php\/wp-json\/wp\/v2\/types\/post"}],"author":[{"embeddable":true,"href":"https:\/\/guineechrono.com\/index.php\/wp-json\/wp\/v2\/users\/2"}],"replies":[{"embeddable":true,"href":"https:\/\/guineechrono.com\/index.php\/wp-json\/wp\/v2\/comments?post=3534"}],"version-history":[{"count":0,"href":"https:\/\/guineechrono.com\/index.php\/wp-json\/wp\/v2\/posts\/3534\/revisions"}],"wp:featuredmedia":[{"embeddable":true,"href":"https:\/\/guineechrono.com\/index.php\/wp-json\/wp\/v2\/media\/3535"}],"wp:attachment":[{"href":"https:\/\/guineechrono.com\/index.php\/wp-json\/wp\/v2\/media?parent=3534"}],"wp:term":[{"taxonomy":"category","embeddable":true,"href":"https:\/\/guineechrono.com\/index.php\/wp-json\/wp\/v2\/categories?post=3534"},{"taxonomy":"post_tag","embeddable":true,"href":"https:\/\/guineechrono.com\/index.php\/wp-json\/wp\/v2\/tags?post=3534"}],"curies":[{"name":"wp","href":"https:\/\/api.w.org\/{rel}","templated":true}]}}