{"id":35347,"date":"2025-04-09T15:38:46","date_gmt":"2025-04-09T14:38:46","guid":{"rendered":"https:\/\/guineechrono.com\/?p=35347"},"modified":"2025-04-09T15:38:46","modified_gmt":"2025-04-09T14:38:46","slug":"ahmed-kante-artisan-de-la-paix-et-du-developpement-en-guinee-maritime","status":"publish","type":"post","link":"https:\/\/guineechrono.com\/index.php\/ahmed-kante-artisan-de-la-paix-et-du-developpement-en-guinee-maritime\/","title":{"rendered":"Ahmed Kant\u00e9 : Artisan de la paix et du d\u00e9veloppement en Guin\u00e9e Maritime"},"content":{"rendered":"<p>La marche de la paix organis\u00e9e en Guin\u00e9e maritime se veut un symbole fort de coh\u00e9sion sociale et d\u2019unit\u00e9 nationale dans un pays en qu\u00eate de stabilit\u00e9 et de prosp\u00e9rit\u00e9. Parmi les figures marquantes de cette initiative, Ahmed Kant\u00e9 se distingue par son engagement sans faille en faveur de la qui\u00e9tude sociale, du d\u00e9veloppement humain et de la valorisation des ressources naturelles au service des Guin\u00e9ens.<\/p>\n<p>Acteur influent du secteur minier et fin connaisseur des enjeux li\u00e9s \u00e0 l\u2019exploitation des richesses du sous-sol guin\u00e9en, Ahmed Kant\u00e9 pr\u00f4ne une vision patriotique et inclusive du d\u00e9veloppement. Pour lui, les ressources naturelles doivent avant tout b\u00e9n\u00e9ficier aux nationaux. \u00c0 travers ses prises de parole et ses actions concr\u00e8tes, il milite pour une meilleure redistribution des retomb\u00e9es \u00e9conomiques issues des mines en faveur des populations locales, tout en encourageant un climat de paix indispensable \u00e0 l\u2019essor du pays.<\/p>\n<p>Dans le cadre de la marche de la paix en Guin\u00e9e maritime, Ahmed Kant\u00e9 n\u2019a pas h\u00e9sit\u00e9 \u00e0 s\u2019investir pleinement pour la r\u00e9ussite de l\u2019\u00e9v\u00e9nement. Il repr\u00e9sente cette g\u00e9n\u00e9ration de Guin\u00e9ens conscients que le progr\u00e8s ne peut se faire sans unit\u00e9. C\u2019est donc tout naturellement qu\u2019il a exprim\u00e9 sa volont\u00e9 d\u2019accompagner la presse mini\u00e8re dans la couverture de la Synergie pr\u00e9vue les 11 et 12 avril, afin que celle-ci soit un franc succ\u00e8s. Une d\u00e9marche salu\u00e9e par les professionnels du secteur, qui y voient un signal fort de collaboration entre les acteurs de terrain et les m\u00e9dias.<\/p>\n<p>Au-del\u00e0 de cet \u00e9v\u00e9nement, Ahmed Kant\u00e9 incarne un espoir pour une Guin\u00e9e r\u00e9concili\u00e9e avec elle-m\u00eame, o\u00f9 les ressources naturelles deviennent un levier de d\u00e9veloppement humain et de souverainet\u00e9 \u00e9conomique. Son action s\u2019inscrit dans une dynamique plus large, celle d\u2019une Guin\u00e9e \u00e9mergente, o\u00f9 chaque citoyen trouve sa place dans la construction nationale.<\/p>\n<p>La marche de la paix, \u00e0 laquelle il apporte un appui d\u00e9termin\u00e9, est donc bien plus qu\u2019un symbole. Elle est le reflet d\u2019un engagement profond pour une Guin\u00e9e unie, prosp\u00e8re et ma\u00eetresse de son destin. Ahmed Kant\u00e9 en est aujourd\u2019hui l\u2019un des visages les plus \u00e9loquents.<\/p>\n","protected":false},"excerpt":{"rendered":"<p>La marche de la paix organis\u00e9e en Guin\u00e9e maritime se veut un symbole fort de coh\u00e9sion sociale et d\u2019unit\u00e9 nationale dans un pays en qu\u00eate de stabilit\u00e9 et de prosp\u00e9rit\u00e9. Parmi les figures marquantes de cette initiative, Ahmed Kant\u00e9 se distingue par son engagement sans faille en faveur de la qui\u00e9tude sociale, du d\u00e9veloppement humain [&hellip;]<\/p>\n","protected":false},"author":2,"featured_media":35348,"comment_status":"open","ping_status":"closed","sticky":false,"template":"","format":"standard","meta":{"buzzeditor_post_format":"","footnotes":""},"categories":[42],"tags":[],"class_list":["post-35347","post","type-post","status-publish","format-standard","has-post-thumbnail","hentry","category-news"],"jetpack_featured_media_url":"https:\/\/guineechrono.com\/wp-content\/uploads\/2025\/04\/IMG-20250409-WA0165.jpg","amp_enabled":true,"_links":{"self":[{"href":"https:\/\/guineechrono.com\/index.php\/wp-json\/wp\/v2\/posts\/35347","targetHints":{"allow":["GET"]}}],"collection":[{"href":"https:\/\/guineechrono.com\/index.php\/wp-json\/wp\/v2\/posts"}],"about":[{"href":"https:\/\/guineechrono.com\/index.php\/wp-json\/wp\/v2\/types\/post"}],"author":[{"embeddable":true,"href":"https:\/\/guineechrono.com\/index.php\/wp-json\/wp\/v2\/users\/2"}],"replies":[{"embeddable":true,"href":"https:\/\/guineechrono.com\/index.php\/wp-json\/wp\/v2\/comments?post=35347"}],"version-history":[{"count":1,"href":"https:\/\/guineechrono.com\/index.php\/wp-json\/wp\/v2\/posts\/35347\/revisions"}],"predecessor-version":[{"id":35349,"href":"https:\/\/guineechrono.com\/index.php\/wp-json\/wp\/v2\/posts\/35347\/revisions\/35349"}],"wp:featuredmedia":[{"embeddable":true,"href":"https:\/\/guineechrono.com\/index.php\/wp-json\/wp\/v2\/media\/35348"}],"wp:attachment":[{"href":"https:\/\/guineechrono.com\/index.php\/wp-json\/wp\/v2\/media?parent=35347"}],"wp:term":[{"taxonomy":"category","embeddable":true,"href":"https:\/\/guineechrono.com\/index.php\/wp-json\/wp\/v2\/categories?post=35347"},{"taxonomy":"post_tag","embeddable":true,"href":"https:\/\/guineechrono.com\/index.php\/wp-json\/wp\/v2\/tags?post=35347"}],"curies":[{"name":"wp","href":"https:\/\/api.w.org\/{rel}","templated":true}]}}