{"id":35367,"date":"2025-04-10T15:21:47","date_gmt":"2025-04-10T14:21:47","guid":{"rendered":"https:\/\/guineechrono.com\/?p=35367"},"modified":"2025-04-10T15:21:47","modified_gmt":"2025-04-10T14:21:47","slug":"ahmed-kante-victime-dune-campagne-de-diffamation-orchestree-par-des-affabulateurs-haineux","status":"publish","type":"post","link":"https:\/\/guineechrono.com\/index.php\/ahmed-kante-victime-dune-campagne-de-diffamation-orchestree-par-des-affabulateurs-haineux\/","title":{"rendered":"Ahmed Kant\u00e9 : Victime d\u2019une campagne de diffamation orchestr\u00e9e par des affabulateurs haineux"},"content":{"rendered":"<p>Depuis plusieurs ann\u00e9es, Ahmed Kant\u00e9, ancien ministre des Mines, ancien directeur g\u00e9n\u00e9ral de la Soguipami et actuellement administrateur g\u00e9n\u00e9ral de la soci\u00e9t\u00e9 AGB2A-GIC, s\u2019est impos\u00e9 comme une figure de l\u2019int\u00e9grit\u00e9 et du d\u00e9vouement au d\u00e9veloppement durable de la Guin\u00e9e. Malgr\u00e9 son engagement sans faille pour le pays et les communaut\u00e9s mini\u00e8res, cet homme fait face \u00e0 une vague de critiques infond\u00e9es et de calomnies. Pourquoi tant de haine \u00e0 son \u00e9gard ?<\/p>\n<p>Ahmed Kant\u00e9 a toujours mis l\u2019accent sur le bien-\u00eatre de son pays et l\u2019\u00e9panouissement des populations locales. Cependant, des voix malveillantes, souvent compos\u00e9es d\u2019individus v\u00e9reux, ont pris l\u2019habitude de l\u2019attaquer. Ces m\u00eames personnes, qui ne cessent de nourrir des accusations sans fondement, semblent ignorer les sacrifices que Kant\u00e9 a consentis pour son pays. Il a fait partie de cette classe d\u2019hommes et de femmes qui, au lieu de chercher \u00e0 tirer profit de l\u2019\u00c9tat et de ses ressources, ont choisi de travailler sans rel\u00e2che pour le d\u00e9veloppement de la Guin\u00e9e.<\/p>\n<p>Les attaques \u00e0 l\u2019encontre de l\u2019int\u00e9grit\u00e9 de Kant\u00e9 sont principalement motiv\u00e9es par des int\u00e9r\u00eats personnels et la jalousie. Ces calomnies sont souvent relay\u00e9es par des personnes qui, incapables de suivre l\u2019exemple de rigueur et de d\u00e9vouement qu\u2019il incarne, pr\u00e9f\u00e8rent s\u2019adonner \u00e0 des pratiques douteuses. Leur seul objectif est de discr\u00e9diter ceux qui, comme Ahmed Kant\u00e9, ont consacr\u00e9 leur \u00e9nergie \u00e0 la r\u00e9ussite et au progr\u00e8s de leur nation.<\/p>\n<p>Il est pourtant simple de voir que ceux qui s\u2019attaquent \u00e0 lui ne peuvent, pour la plupart, justifier leurs accusations. Leurs attaques ne reposent sur aucune preuve tangible, mais plut\u00f4t sur des mensonges et des insinuations. Si ces d\u00e9tracteurs ont des \u00e9l\u00e9ments concrets \u00e0 fournir, pourquoi ne pas les soumettre \u00e0 la justice pour qu\u2019une v\u00e9ritable enqu\u00eate soit men\u00e9e ? Il est facile de salir l\u2019image d\u2019un homme int\u00e8gre lorsqu\u2019on se cache derri\u00e8re des rumeurs et des propos non v\u00e9rifi\u00e9s.<\/p>\n<p>Il est grand temps d\u2019arr\u00eater cette campagne de diffamation. Le m\u00e9rite et l\u2019excellence ne sont pas des valeurs qui int\u00e9ressent ceux qui se complaisent dans la paresse, pr\u00e9f\u00e9rant chercher \u00e0 d\u00e9truire plut\u00f4t qu\u2019\u00e0 construire. Ceux qui cherchent \u00e0 ternir l\u2019image d\u2019Ahmed Kant\u00e9 devraient peut-\u00eatre r\u00e9fl\u00e9chir \u00e0 leur propre comportement et se rappeler que le travail acharn\u00e9 et l\u2019int\u00e9grit\u00e9 doivent \u00eatre des qualit\u00e9s que tout citoyen responsable aspire \u00e0 incarner.<\/p>\n<p>Ainsi, il serait sage que ces individus prennent du recul et cessent de propager des accusations sans fondement. Si des preuves existent, elles doivent \u00eatre remises \u00e0 la justice, qui seule est en mesure de trancher en toute impartialit\u00e9.<\/p>\n<p>Stop \u00e0 la mythomanie et \u00e0 la diffamation. Le respect de la v\u00e9rit\u00e9 et de l\u2019int\u00e9grit\u00e9 doit primer.<\/p>\n<p>&nbsp;<\/p>\n","protected":false},"excerpt":{"rendered":"<p>Depuis plusieurs ann\u00e9es, Ahmed Kant\u00e9, ancien ministre des Mines, ancien directeur g\u00e9n\u00e9ral de la Soguipami et actuellement administrateur g\u00e9n\u00e9ral de la soci\u00e9t\u00e9 AGB2A-GIC, s\u2019est impos\u00e9 comme une figure de l\u2019int\u00e9grit\u00e9 et du d\u00e9vouement au d\u00e9veloppement durable de la Guin\u00e9e. Malgr\u00e9 son engagement sans faille pour le pays et les communaut\u00e9s mini\u00e8res, cet homme fait face [&hellip;]<\/p>\n","protected":false},"author":2,"featured_media":35368,"comment_status":"open","ping_status":"closed","sticky":false,"template":"","format":"standard","meta":{"buzzeditor_post_format":"","footnotes":""},"categories":[42],"tags":[],"class_list":["post-35367","post","type-post","status-publish","format-standard","has-post-thumbnail","hentry","category-news"],"jetpack_featured_media_url":"https:\/\/guineechrono.com\/wp-content\/uploads\/2025\/04\/IMG-20250410-WA0179.jpg","amp_enabled":true,"_links":{"self":[{"href":"https:\/\/guineechrono.com\/index.php\/wp-json\/wp\/v2\/posts\/35367","targetHints":{"allow":["GET"]}}],"collection":[{"href":"https:\/\/guineechrono.com\/index.php\/wp-json\/wp\/v2\/posts"}],"about":[{"href":"https:\/\/guineechrono.com\/index.php\/wp-json\/wp\/v2\/types\/post"}],"author":[{"embeddable":true,"href":"https:\/\/guineechrono.com\/index.php\/wp-json\/wp\/v2\/users\/2"}],"replies":[{"embeddable":true,"href":"https:\/\/guineechrono.com\/index.php\/wp-json\/wp\/v2\/comments?post=35367"}],"version-history":[{"count":1,"href":"https:\/\/guineechrono.com\/index.php\/wp-json\/wp\/v2\/posts\/35367\/revisions"}],"predecessor-version":[{"id":35369,"href":"https:\/\/guineechrono.com\/index.php\/wp-json\/wp\/v2\/posts\/35367\/revisions\/35369"}],"wp:featuredmedia":[{"embeddable":true,"href":"https:\/\/guineechrono.com\/index.php\/wp-json\/wp\/v2\/media\/35368"}],"wp:attachment":[{"href":"https:\/\/guineechrono.com\/index.php\/wp-json\/wp\/v2\/media?parent=35367"}],"wp:term":[{"taxonomy":"category","embeddable":true,"href":"https:\/\/guineechrono.com\/index.php\/wp-json\/wp\/v2\/categories?post=35367"},{"taxonomy":"post_tag","embeddable":true,"href":"https:\/\/guineechrono.com\/index.php\/wp-json\/wp\/v2\/tags?post=35367"}],"curies":[{"name":"wp","href":"https:\/\/api.w.org\/{rel}","templated":true}]}}