{"id":3539,"date":"2019-04-03T11:54:50","date_gmt":"2019-04-03T10:54:50","guid":{"rendered":"http:\/\/guineechrono.com\/?p=3539"},"modified":"2019-04-03T11:54:50","modified_gmt":"2019-04-03T10:54:50","slug":"senegal-macky-sall-investi-pour-un-second-mandat","status":"publish","type":"post","link":"https:\/\/guineechrono.com\/index.php\/senegal-macky-sall-investi-pour-un-second-mandat\/","title":{"rendered":"S\u00e9n\u00e9gal: Macky Sall  investi pour un second mandat"},"content":{"rendered":"<p><strong>Entour\u00e9 par pr\u00e8s de 20 chefs d\u2019\u00c9tat du continent africain, Macky Sall a pr\u00eat\u00e9 serment mardi 2 avril. Le pr\u00e9sident a donc entam\u00e9 officiellement son second mandat d\u2019une dur\u00e9e de cinq ans. Il a fix\u00e9 ses priorit\u00e9s\u00a0: relancer le dialogue politique, prolonger le \u00ab\u00a0Plan S\u00e9n\u00e9gal \u00e9mergent\u00a0\u00bb et lutter aussi contre la pollution.<\/strong><\/p>\n<p>Offensif, ambitieux, Macky Sall s\u2019est exprim\u00e9 durant trente minutes pour pr\u00e9senter ses priorit\u00e9s, notamment dans le secteur du logement. \u00ab\u00a0<em>Je lancerai un vaste programme pour la construction de 100\u00a0000 logements afin que progressivement chaque famille, quels que soient ses revenus, puisse avoir acc\u00e8s \u00e0 un logement d\u00e9cent<\/em>\u00a0\u00bb, a-t-il annonc\u00e9.<\/p>\n<p>S\u2019il souhaite poursuivre le \u00ab\u00a0Plan S\u00e9n\u00e9gal \u00e9mergent\u00a0\u00bb, Macky Sall veut pour son second mandat, qui va durer cinq ans, lutter contre la pollution. \u00ab\u00a0<em>Un S\u00e9n\u00e9gal plus propre dans ses quartiers, plus propre dans ses villages, plus propre dans ses villes. En un mot, un S\u00e9n\u00e9gal avec z\u00e9ro d\u00e9chet. La protection de notre environnement reste un d\u00e9fi majeur de notre temps. Je ferai prendre sans d\u00e9lai des mesures vigoureuses dans ce sens\u00a0<\/em>\u00bb, a-t-il promis.<\/p>\n<p>Pour r\u00e9aliser ses projets, le pr\u00e9sident Macky Sall sait aussi qu\u2019il a besoin de stabilit\u00e9 politique. D\u2019o\u00f9 son nouvel appel au dialogue avec l\u2019opposition. \u00ab<em>\u00a0Je serai le pr\u00e9sident de tous les S\u00e9n\u00e9galais et de toutes les S\u00e9n\u00e9galaises,\u00a0<\/em>a soulign\u00e9 le chef de l\u2019\u00c9tat.<em>\u00a0Je renouvelle par cons\u00e9quent mon appel au dialogue.<\/em>\u00a0\u00bb<\/p>\n<p>Macky Sall avait annonc\u00e9 des propositions pour relancer le dialogue. Le chef de l\u2019\u00c9tat pourrait en faire lors de la f\u00eate de l\u2019ind\u00e9pendance ce jeudi 4 avril.<\/p>\n<p><strong>rfi<\/strong><\/p>\n","protected":false},"excerpt":{"rendered":"<p>Entour\u00e9 par pr\u00e8s de 20 chefs d\u2019\u00c9tat du continent africain, Macky Sall a pr\u00eat\u00e9 serment mardi 2 avril. Le pr\u00e9sident a donc entam\u00e9 officiellement son second mandat d\u2019une dur\u00e9e de cinq ans. Il a fix\u00e9 ses priorit\u00e9s\u00a0: relancer le dialogue politique, prolonger le \u00ab\u00a0Plan S\u00e9n\u00e9gal \u00e9mergent\u00a0\u00bb et lutter aussi contre la pollution. Offensif, ambitieux, Macky [&hellip;]<\/p>\n","protected":false},"author":2,"featured_media":3540,"comment_status":"open","ping_status":"closed","sticky":false,"template":"","format":"standard","meta":{"buzzeditor_post_format":"","footnotes":""},"categories":[1],"tags":[],"class_list":["post-3539","post","type-post","status-publish","format-standard","has-post-thumbnail","hentry","category-non-classe"],"jetpack_featured_media_url":"https:\/\/guineechrono.com\/wp-content\/uploads\/2019\/04\/macky.jpg","amp_enabled":true,"_links":{"self":[{"href":"https:\/\/guineechrono.com\/index.php\/wp-json\/wp\/v2\/posts\/3539","targetHints":{"allow":["GET"]}}],"collection":[{"href":"https:\/\/guineechrono.com\/index.php\/wp-json\/wp\/v2\/posts"}],"about":[{"href":"https:\/\/guineechrono.com\/index.php\/wp-json\/wp\/v2\/types\/post"}],"author":[{"embeddable":true,"href":"https:\/\/guineechrono.com\/index.php\/wp-json\/wp\/v2\/users\/2"}],"replies":[{"embeddable":true,"href":"https:\/\/guineechrono.com\/index.php\/wp-json\/wp\/v2\/comments?post=3539"}],"version-history":[{"count":0,"href":"https:\/\/guineechrono.com\/index.php\/wp-json\/wp\/v2\/posts\/3539\/revisions"}],"wp:featuredmedia":[{"embeddable":true,"href":"https:\/\/guineechrono.com\/index.php\/wp-json\/wp\/v2\/media\/3540"}],"wp:attachment":[{"href":"https:\/\/guineechrono.com\/index.php\/wp-json\/wp\/v2\/media?parent=3539"}],"wp:term":[{"taxonomy":"category","embeddable":true,"href":"https:\/\/guineechrono.com\/index.php\/wp-json\/wp\/v2\/categories?post=3539"},{"taxonomy":"post_tag","embeddable":true,"href":"https:\/\/guineechrono.com\/index.php\/wp-json\/wp\/v2\/tags?post=3539"}],"curies":[{"name":"wp","href":"https:\/\/api.w.org\/{rel}","templated":true}]}}