{"id":35397,"date":"2025-04-16T12:24:32","date_gmt":"2025-04-16T11:24:32","guid":{"rendered":"https:\/\/guineechrono.com\/?p=35397"},"modified":"2025-04-16T12:24:32","modified_gmt":"2025-04-16T11:24:32","slug":"prochaine-presidentielle-en-guinee-la-candidature-du-general-mamadi-doumbouya-largement-et-vivement-souhaitee-par-ses-compatriotes","status":"publish","type":"post","link":"https:\/\/guineechrono.com\/index.php\/prochaine-presidentielle-en-guinee-la-candidature-du-general-mamadi-doumbouya-largement-et-vivement-souhaitee-par-ses-compatriotes\/","title":{"rendered":"Prochaine pr\u00e9sidentielle en Guin\u00e9e : la candidature du G\u00e9n\u00e9ral Mamadi Doumbouya largement et vivement souhait\u00e9e par ses compatriotes"},"content":{"rendered":"<p>Les signes ne trompent plus. Les Guin\u00e9ens, dans leur \u00e9crasante majorit\u00e9, souhaitent vivement la candidature du G\u00e9n\u00e9ral d\u2019Arm\u00e9e Mamadi Doumbouya, \u00e0 la prochaine pr\u00e9sidentielle dans leur pays. Ils le font savoir \u00e0 travers des<strong>\u00a0<\/strong>mouvements et autres manifestations de soutien au CNRD, du Littoral \u00e0 la R\u00e9gion foresti\u00e8re, en passant par la Moyenne Guin\u00e9e et la Haute Guin\u00e9e.<\/p>\n<p><img fetchpriority=\"high\" decoding=\"async\" class=\"size-medium wp-image-30511 alignright\" src=\"https:\/\/guineeenmarche.com\/wp-content\/uploads\/2025\/02\/IMG-20250201-WA0048-263x300.jpg\" alt=\"\" width=\"263\" height=\"300\" data-pin-no-hover=\"true\" \/><\/p>\n<p>Apr\u00e8s N\u2019z\u00e9rekor\u00e9, Kankan et\u00a0 Kindia, la r\u00e9gion administrative de Bok\u00e9 a mobilis\u00e9 les 11 et 12 avril 2025 ses filles et fils pour pr\u00f4ner la paix et le rassemblement, faire des pri\u00e8res, magnifier les acquis de l\u2019actuel locataire du Palais Mohammed V\u00a0 mais aussi apporter clairement et ouvertement son soutien \u00e0 sa candidature \u00e0 la prochaine pr\u00e9sidentielle qui devrait se tenir en 2025 pour un retour apais\u00e9 \u00e0 l\u2019ordre constitutionnel.<\/p>\n<p>En plus du ministre secr\u00e9taire g\u00e9n\u00e9ral de la Pr\u00e9sidence de la R\u00e9publique, le G\u00e9n\u00e9ral Amara Camara, plusieurs membres du cabinet pr\u00e9sidentiel et du\u00a0 Gouvernement ainsi que des cadres ressortissants de toutes les r\u00e9gions\u00a0 du pays ont effectu\u00e9 le d\u00e9placement \u00e0 Bok\u00e9 pour ne pas se faire conter l\u2019\u00e9v\u00e9nement.<\/p>\n<p>Selon des sources dignes de foi, Mamou, en Moyenne Guin\u00e9e, s\u2019appr\u00eate \u00e9galement \u00e0 organiser, dans les jours \u00e0 venir,\u00a0 le m\u00eame type de rassemblement, en guise de soutien aux actions du pr\u00e9sident refondateur. Sans oublier la cinquantaine de partis politiques qui \u00a0viennent de porter sur les fonts baptismaux l\u2019Alliance des Forces Patriotiques (AFP), une plateforme qui s\u2019engage, de fa\u00e7on inconditionnelle, \u00e0 soutenir la candidature de l\u2019ancien commandant du Groupement des Forces sp\u00e9ciales \u00e0 la pr\u00e9sidentielle.<\/p>\n<p>Comme on le constate donc, avec une r\u00e9elle satisfaction, les soutiens du G\u00e9n\u00e9ral Mamadi Doumbouya viennent de diff\u00e9rentes couches socioprofessionnelles et de toutes les r\u00e9gions naturelles du pays (Basse Guin\u00e9e, Moyenne Guin\u00e9e, Haute Guin\u00e9e, Guin\u00e9e foresti\u00e8re) pour lui demander explicitement de rester aussi longtemps que n\u00e9cessaire \u00e0 la t\u00eate de la Guin\u00e9e.<\/p>\n<p><img decoding=\"async\" class=\"size-medium wp-image-30315 alignright\" src=\"https:\/\/guineeenmarche.com\/wp-content\/uploads\/2024\/11\/IMG-20241014-WA0068-300x300.jpg\" alt=\"\" width=\"300\" height=\"300\" data-pin-no-hover=\"true\" \/><\/p>\n<p>En trois ans de gestion, l\u2019Homme du 5 Septembre a pos\u00e9 de nombreux actes concrets et positifs sur le vaste chantier d\u2019\u00e9dification d\u2019une nation unie et prosp\u00e8re. Le projet Simandou a \u00e9t\u00e9 relanc\u00e9 pour le plus grand bonheur de tous les Guin\u00e9ens. Les travaux de construction d\u2019infrastructures routi\u00e8res, ferroviaires et a\u00e9roportuaires sont lanc\u00e9s. Une lutte sans merci se m\u00e8ne, avec des r\u00e9sultats, contre la corruption et l\u2019impunit\u00e9. La justice est devenue la boussole pour tout le monde. La coh\u00e9sion sociale et l\u2019unit\u00e9 nationale sont plac\u00e9es au c\u0153ur des priorit\u00e9s des autorit\u00e9s. C\u2019est au regard de ce bilan nettement positif que les Guin\u00e9ens, majoritairement, appellent de tous leurs v\u0153ux la candidature du patriote convaincu, doubl\u00e9 du grand b\u00e2tisseur qu\u2019est le G\u00e9n\u00e9ral d\u2019Arm\u00e9e Mamadi Doumbouya, \u00e0 la prochaine \u00e9lection pr\u00e9sidentielle.<\/p>\n<p><img decoding=\"async\" class=\"size-medium wp-image-30320 alignright\" src=\"https:\/\/guineeenmarche.com\/wp-content\/uploads\/2024\/11\/FB_IMG_1731187533793-300x300.jpg\" alt=\"\" width=\"300\" height=\"300\" data-pin-no-hover=\"true\" \/><\/p>\n<p>Le pr\u00e9sident Mamadi DOUMBOUYA est une chance pour la Guin\u00e9e profitons-en, avan\u00e7ons et aimons-nous dans la paix et dans la vie.<\/p>\n<p><strong>Ibrahima sory CISSE\u00a0 \u00a0<\/strong><\/p>\n<p>&nbsp;<\/p>\n","protected":false},"excerpt":{"rendered":"<p>Les signes ne trompent plus. Les Guin\u00e9ens, dans leur \u00e9crasante majorit\u00e9, souhaitent vivement la candidature du G\u00e9n\u00e9ral d\u2019Arm\u00e9e Mamadi Doumbouya, \u00e0 la prochaine pr\u00e9sidentielle dans leur pays. Ils le font savoir \u00e0 travers des\u00a0mouvements et autres manifestations de soutien au CNRD, du Littoral \u00e0 la R\u00e9gion foresti\u00e8re, en passant par la Moyenne Guin\u00e9e et la [&hellip;]<\/p>\n","protected":false},"author":2,"featured_media":35398,"comment_status":"open","ping_status":"closed","sticky":false,"template":"","format":"standard","meta":{"buzzeditor_post_format":"","footnotes":""},"categories":[43],"tags":[],"class_list":["post-35397","post","type-post","status-publish","format-standard","has-post-thumbnail","hentry","category-politique"],"jetpack_featured_media_url":"https:\/\/guineechrono.com\/wp-content\/uploads\/2025\/04\/5-etoiles.jpg","amp_enabled":true,"_links":{"self":[{"href":"https:\/\/guineechrono.com\/index.php\/wp-json\/wp\/v2\/posts\/35397","targetHints":{"allow":["GET"]}}],"collection":[{"href":"https:\/\/guineechrono.com\/index.php\/wp-json\/wp\/v2\/posts"}],"about":[{"href":"https:\/\/guineechrono.com\/index.php\/wp-json\/wp\/v2\/types\/post"}],"author":[{"embeddable":true,"href":"https:\/\/guineechrono.com\/index.php\/wp-json\/wp\/v2\/users\/2"}],"replies":[{"embeddable":true,"href":"https:\/\/guineechrono.com\/index.php\/wp-json\/wp\/v2\/comments?post=35397"}],"version-history":[{"count":1,"href":"https:\/\/guineechrono.com\/index.php\/wp-json\/wp\/v2\/posts\/35397\/revisions"}],"predecessor-version":[{"id":35399,"href":"https:\/\/guineechrono.com\/index.php\/wp-json\/wp\/v2\/posts\/35397\/revisions\/35399"}],"wp:featuredmedia":[{"embeddable":true,"href":"https:\/\/guineechrono.com\/index.php\/wp-json\/wp\/v2\/media\/35398"}],"wp:attachment":[{"href":"https:\/\/guineechrono.com\/index.php\/wp-json\/wp\/v2\/media?parent=35397"}],"wp:term":[{"taxonomy":"category","embeddable":true,"href":"https:\/\/guineechrono.com\/index.php\/wp-json\/wp\/v2\/categories?post=35397"},{"taxonomy":"post_tag","embeddable":true,"href":"https:\/\/guineechrono.com\/index.php\/wp-json\/wp\/v2\/tags?post=35397"}],"curies":[{"name":"wp","href":"https:\/\/api.w.org\/{rel}","templated":true}]}}