{"id":35413,"date":"2025-04-17T23:35:50","date_gmt":"2025-04-17T22:35:50","guid":{"rendered":"https:\/\/guineechrono.com\/?p=35413"},"modified":"2025-04-17T23:35:50","modified_gmt":"2025-04-17T22:35:50","slug":"guinee-le-m5-renforce-ses-rangs-en-vue-de-la-candidature-du-general-mamadi-doumbouya","status":"publish","type":"post","link":"https:\/\/guineechrono.com\/index.php\/guinee-le-m5-renforce-ses-rangs-en-vue-de-la-candidature-du-general-mamadi-doumbouya\/","title":{"rendered":"Guin\u00e9e : le M5 renforce ses rangs en vue de la candidature du G\u00e9n\u00e9ral Mamadi Doumbouya"},"content":{"rendered":"<p><strong>Dans le cadre de son engagement en faveur de la candidature du G\u00e9n\u00e9ral Mamadi Doumbouya aux prochaines \u00e9lections pr\u00e9sidentielles, le Mouvement M5 \u00ab La 5\u00e8me R\u00e9publique Marche \u00bb a organis\u00e9, ce jeudi 17 avril 2025 \u00e0 Conakry, une rencontre strat\u00e9gique avec d\u2019anciens d\u00e9put\u00e9s, maires et \u00e9lus locaux. L\u2019objectif principal de cette r\u00e9union \u00e9tait de d\u00e9finir une strat\u00e9gie concert\u00e9e et de mobiliser les cadres en vue de soutenir les actions et les acquis du Pr\u00e9sident de la R\u00e9publique.<\/strong><\/p>\n<p><a href=\"https:\/\/guineechrono.com\/wp-content\/uploads\/2025\/04\/IMG_20250417_152610_493-768x576-1.jpg\"><img fetchpriority=\"high\" decoding=\"async\" class=\"alignnone size-medium wp-image-35414\" src=\"https:\/\/guineechrono.com\/wp-content\/uploads\/2025\/04\/IMG_20250417_152610_493-768x576-1-300x225.jpg\" alt=\"\" width=\"300\" height=\"225\" srcset=\"https:\/\/guineechrono.com\/wp-content\/uploads\/2025\/04\/IMG_20250417_152610_493-768x576-1-300x225.jpg 300w, https:\/\/guineechrono.com\/wp-content\/uploads\/2025\/04\/IMG_20250417_152610_493-768x576-1-80x60.jpg 80w, https:\/\/guineechrono.com\/wp-content\/uploads\/2025\/04\/IMG_20250417_152610_493-768x576-1-265x198.jpg 265w, https:\/\/guineechrono.com\/wp-content\/uploads\/2025\/04\/IMG_20250417_152610_493-768x576-1-696x522.jpg 696w, https:\/\/guineechrono.com\/wp-content\/uploads\/2025\/04\/IMG_20250417_152610_493-768x576-1-560x420.jpg 560w, https:\/\/guineechrono.com\/wp-content\/uploads\/2025\/04\/IMG_20250417_152610_493-768x576-1.jpg 768w\" sizes=\"(max-width: 300px) 100vw, 300px\" \/><\/a><\/p>\n<p>Lors de son intervention, Mohamed Saidou Tour\u00e9, coordinateur national du mouvement, a salu\u00e9 la tenue de cette rencontre qu\u2019il juge cruciale pour l\u2019avenir politique du pays. Il a insist\u00e9 sur la n\u00e9cessit\u00e9 de rallier les anciens responsables administratifs et politiques autour de la candidature du G\u00e9n\u00e9ral Doumbouya.<br \/>\n\u00ab Cette prise de contact vise \u00e0 rassembler les anciens cadres de l\u2019administration publique, les chefs de quartiers ainsi que les anciens d\u00e9put\u00e9s, afin d\u2019unir nos efforts autour de Son Excellence, le Pr\u00e9sident de la R\u00e9publique, le G\u00e9n\u00e9ral Mamadi Doumbouya. Nous devons identifier les grands \u00e9lecteurs et mobiliser les personnes ressources pour garantir une victoire d\u00e8s le premier tour. Ces cadres ont un r\u00f4le essentiel : sensibiliser la population et structurer des relais dans chaque quartier pour faire valoir les acquis du CNRD \u00bb, a-t-il affirm\u00e9.<\/p>\n<p><a href=\"https:\/\/guineechrono.com\/wp-content\/uploads\/2025\/04\/IMG_20250417_145151_547-696x522-1.jpg\"><img decoding=\"async\" class=\"alignnone size-medium wp-image-35415\" src=\"https:\/\/guineechrono.com\/wp-content\/uploads\/2025\/04\/IMG_20250417_145151_547-696x522-1-300x225.jpg\" alt=\"\" width=\"300\" height=\"225\" srcset=\"https:\/\/guineechrono.com\/wp-content\/uploads\/2025\/04\/IMG_20250417_145151_547-696x522-1-300x225.jpg 300w, https:\/\/guineechrono.com\/wp-content\/uploads\/2025\/04\/IMG_20250417_145151_547-696x522-1-80x60.jpg 80w, https:\/\/guineechrono.com\/wp-content\/uploads\/2025\/04\/IMG_20250417_145151_547-696x522-1-265x198.jpg 265w, https:\/\/guineechrono.com\/wp-content\/uploads\/2025\/04\/IMG_20250417_145151_547-696x522-1-560x420.jpg 560w, https:\/\/guineechrono.com\/wp-content\/uploads\/2025\/04\/IMG_20250417_145151_547-696x522-1.jpg 696w\" sizes=\"(max-width: 300px) 100vw, 300px\" \/><\/a><\/p>\n<p>Pr\u00e9sent \u00e0 la rencontre, l\u2019ancien d\u00e9put\u00e9 S\u00e9kou Minkailou Cont\u00e9 a salu\u00e9 l\u2019initiative, exprimant son engagement total au service du Mouvement M5.<\/p>\n<p>\u00ab Nous sommes pr\u00eats \u00e0 \u0153uvrer pour le d\u00e9veloppement de notre pays. \u00c0 travers ce travail de fond, nous voulons que le Mouvement M5 se distingue des nombreux autres groupes de soutien. Nous allons nous mobiliser, au nom du peuple de Guin\u00e9e, pour accompagner le G\u00e9n\u00e9ral Mamadi Doumbouya dans sa mission de refondation. Il s\u2019est engag\u00e9 \u00e0 rectifier et b\u00e2tir un avenir meilleur pour notre nation. Nous serons \u00e0 ses c\u00f4t\u00e9s pour concr\u00e9tiser cette vision \u00bb.<br \/>\n<!--\/data\/user\/0\/com.samsung.android.app.notes\/files\/clipdata\/clipdata_bodytext_250417_223113_072.sdocx--><\/p>\n<p><strong>Bolokada Sano\u00a0<\/strong><\/p>\n<p><strong>626641732<\/strong><\/p>\n","protected":false},"excerpt":{"rendered":"<p>Dans le cadre de son engagement en faveur de la candidature du G\u00e9n\u00e9ral Mamadi Doumbouya aux prochaines \u00e9lections pr\u00e9sidentielles, le Mouvement M5 \u00ab La 5\u00e8me R\u00e9publique Marche \u00bb a organis\u00e9, ce jeudi 17 avril 2025 \u00e0 Conakry, une rencontre strat\u00e9gique avec d\u2019anciens d\u00e9put\u00e9s, maires et \u00e9lus locaux. L\u2019objectif principal de cette r\u00e9union \u00e9tait de d\u00e9finir [&hellip;]<\/p>\n","protected":false},"author":2,"featured_media":35416,"comment_status":"open","ping_status":"closed","sticky":false,"template":"","format":"standard","meta":{"buzzeditor_post_format":"","footnotes":""},"categories":[2,42,43],"tags":[],"class_list":["post-35413","post","type-post","status-publish","format-standard","has-post-thumbnail","hentry","category-featured","category-news","category-politique"],"jetpack_featured_media_url":"https:\/\/guineechrono.com\/wp-content\/uploads\/2025\/04\/IMG_20250417_145350_731-696x522-1.jpg","amp_enabled":true,"_links":{"self":[{"href":"https:\/\/guineechrono.com\/index.php\/wp-json\/wp\/v2\/posts\/35413","targetHints":{"allow":["GET"]}}],"collection":[{"href":"https:\/\/guineechrono.com\/index.php\/wp-json\/wp\/v2\/posts"}],"about":[{"href":"https:\/\/guineechrono.com\/index.php\/wp-json\/wp\/v2\/types\/post"}],"author":[{"embeddable":true,"href":"https:\/\/guineechrono.com\/index.php\/wp-json\/wp\/v2\/users\/2"}],"replies":[{"embeddable":true,"href":"https:\/\/guineechrono.com\/index.php\/wp-json\/wp\/v2\/comments?post=35413"}],"version-history":[{"count":1,"href":"https:\/\/guineechrono.com\/index.php\/wp-json\/wp\/v2\/posts\/35413\/revisions"}],"predecessor-version":[{"id":35417,"href":"https:\/\/guineechrono.com\/index.php\/wp-json\/wp\/v2\/posts\/35413\/revisions\/35417"}],"wp:featuredmedia":[{"embeddable":true,"href":"https:\/\/guineechrono.com\/index.php\/wp-json\/wp\/v2\/media\/35416"}],"wp:attachment":[{"href":"https:\/\/guineechrono.com\/index.php\/wp-json\/wp\/v2\/media?parent=35413"}],"wp:term":[{"taxonomy":"category","embeddable":true,"href":"https:\/\/guineechrono.com\/index.php\/wp-json\/wp\/v2\/categories?post=35413"},{"taxonomy":"post_tag","embeddable":true,"href":"https:\/\/guineechrono.com\/index.php\/wp-json\/wp\/v2\/tags?post=35413"}],"curies":[{"name":"wp","href":"https:\/\/api.w.org\/{rel}","templated":true}]}}