{"id":3542,"date":"2019-04-03T11:57:26","date_gmt":"2019-04-03T10:57:26","guid":{"rendered":"http:\/\/guineechrono.com\/?p=3542"},"modified":"2020-05-19T16:34:41","modified_gmt":"2020-05-19T15:34:41","slug":"algerie-abdelaziz-bouteflika-enfin-demissionne","status":"publish","type":"post","link":"https:\/\/guineechrono.com\/index.php\/algerie-abdelaziz-bouteflika-enfin-demissionne\/","title":{"rendered":"Alg\u00e9rie: Abdelaziz Bouteflika enfin d\u00e9missionn\u00e9"},"content":{"rendered":"<p>L&rsquo;agence officielle alg\u00e9rienne APS rapporte ce mardi soir que le pr\u00e9sident Abdelaziz Bouteflika a pr\u00e9sent\u00e9 sa d\u00e9mission au Conseil constitutionnel. \u00ab Le pr\u00e9sident de la R\u00e9publique, Abdelaziz Bouteflika, a notifi\u00e9 officiellement au pr\u00e9sident du Conseil constitutionnel, sa d\u00e9cision de mettre fin \u00e0 son mandat en qualit\u00e9 de pr\u00e9sident de la R\u00e9publique, a-t-on appris mardi aupr\u00e8s de la pr\u00e9sidence de la R\u00e9publique \u00bb, rapporte l&rsquo;agence officielle APS.<\/p>\n<p>Cette annonce intervient apr\u00e8s un communiqu\u00e9 de l&rsquo;arm\u00e9e alg\u00e9rienne qui demandait l&rsquo;application imm\u00e9diate de l&rsquo;article 102 de la Constitution sur la mise en place du processus d&#8217;emp\u00eachement du pr\u00e9sident.<\/p>\n<p><strong>rfi<\/strong><\/p>\n<p>&nbsp;<\/p>\n","protected":false},"excerpt":{"rendered":"<p>L&rsquo;agence officielle alg\u00e9rienne APS rapporte ce mardi soir que le pr\u00e9sident Abdelaziz Bouteflika a pr\u00e9sent\u00e9 sa d\u00e9mission au Conseil constitutionnel. \u00ab Le pr\u00e9sident de la R\u00e9publique, Abdelaziz Bouteflika, a notifi\u00e9 officiellement au pr\u00e9sident du Conseil constitutionnel, sa d\u00e9cision de mettre fin \u00e0 son mandat en qualit\u00e9 de pr\u00e9sident de la R\u00e9publique, a-t-on appris mardi aupr\u00e8s [&hellip;]<\/p>\n","protected":false},"author":2,"featured_media":3543,"comment_status":"open","ping_status":"closed","sticky":false,"template":"","format":"standard","meta":{"buzzeditor_post_format":"","footnotes":""},"categories":[1,43],"tags":[],"class_list":["post-3542","post","type-post","status-publish","format-standard","has-post-thumbnail","hentry","category-non-classe","category-politique"],"jetpack_featured_media_url":"https:\/\/guineechrono.com\/wp-content\/uploads\/2019\/04\/algerie3.jpg","amp_enabled":true,"_links":{"self":[{"href":"https:\/\/guineechrono.com\/index.php\/wp-json\/wp\/v2\/posts\/3542","targetHints":{"allow":["GET"]}}],"collection":[{"href":"https:\/\/guineechrono.com\/index.php\/wp-json\/wp\/v2\/posts"}],"about":[{"href":"https:\/\/guineechrono.com\/index.php\/wp-json\/wp\/v2\/types\/post"}],"author":[{"embeddable":true,"href":"https:\/\/guineechrono.com\/index.php\/wp-json\/wp\/v2\/users\/2"}],"replies":[{"embeddable":true,"href":"https:\/\/guineechrono.com\/index.php\/wp-json\/wp\/v2\/comments?post=3542"}],"version-history":[{"count":0,"href":"https:\/\/guineechrono.com\/index.php\/wp-json\/wp\/v2\/posts\/3542\/revisions"}],"wp:featuredmedia":[{"embeddable":true,"href":"https:\/\/guineechrono.com\/index.php\/wp-json\/wp\/v2\/media\/3543"}],"wp:attachment":[{"href":"https:\/\/guineechrono.com\/index.php\/wp-json\/wp\/v2\/media?parent=3542"}],"wp:term":[{"taxonomy":"category","embeddable":true,"href":"https:\/\/guineechrono.com\/index.php\/wp-json\/wp\/v2\/categories?post=3542"},{"taxonomy":"post_tag","embeddable":true,"href":"https:\/\/guineechrono.com\/index.php\/wp-json\/wp\/v2\/tags?post=3542"}],"curies":[{"name":"wp","href":"https:\/\/api.w.org\/{rel}","templated":true}]}}