{"id":35424,"date":"2025-04-18T21:03:30","date_gmt":"2025-04-18T20:03:30","guid":{"rendered":"https:\/\/guineechrono.com\/?p=35424"},"modified":"2025-04-18T21:03:30","modified_gmt":"2025-04-18T20:03:30","slug":"medias-lan-64-du-quotidien-national-horoya-celebre","status":"publish","type":"post","link":"https:\/\/guineechrono.com\/index.php\/medias-lan-64-du-quotidien-national-horoya-celebre\/","title":{"rendered":"M\u00e9dias : l\u2019an 64 du Quotidien National Horoya c\u00e9l\u00e9br\u00e9"},"content":{"rendered":"<p><strong>Ce vendredi, 18 avril 2025, le Quotidien National Horoya a c\u00e9l\u00e9br\u00e9 le 64\u00e8 anniversaire de sa cr\u00e9ation en pr\u00e9sence du ministre de l\u2019information et de la communication, Fana Soumah. <\/strong><\/p>\n<p>Dans sa communication, le ministre de l\u2019information et de la communication, Fama Soumah, affirme que cet anniversaire m\u00e9rite d\u2019\u00eatre c\u00e9l\u00e9br\u00e9.<\/p>\n<p>\u00ab C\u2019\u00e9tait notre devoir de participer \u00e0 cette c\u00e9r\u00e9monie et de t\u00e9moigner notre reconnaissance \u00e0 tous les grands directeurs et r\u00e9dacteurs qui se sont succ\u00e9d\u00e9s, car Horoya a longtemps \u00e9t\u00e9 un mod\u00e8le. Quand nous avons commenc\u00e9 \u00e0 exercer ce m\u00e9tier, c\u2019\u00e9tait une v\u00e9ritable r\u00e9f\u00e9rence. Nous nous servions du journal Horoya pour r\u00e9diger nos \u00e9ditions d\u2019information. C\u2019\u00e9tait notre principale source d\u2019informations, tout comme l\u2019AGP. Je suis tr\u00e8s satisfait de la dynamique de la direction g\u00e9n\u00e9rale du journal Horoya. Car, les travailleurs parviennent \u00e0 maintenir le cap. \u00a0Vous voyez bien que la presse \u00e9crite traverse des moments difficiles, mais Horoya continue \u00e0 r\u00e9sister au temps. Le journal est en profonde mutation \u00bb.<\/p>\n<p>A en croise Fana Soumah, le journal Horoya ne doit pas mourir. \u00ab C\u2019est un engagement et nous irons jusqu\u2019au bout. Et le journal sera tr\u00e8s d\u00e9velopp\u00e9. Le directeur g\u00e9n\u00e9ral le sait, il y a eu de nombreux appuis et ces appuis vont continuer \u00bb.<\/p>\n<p>Pour sa part, le directeur g\u00e9n\u00e9ral du Quotidien National, Ibrahima Kon\u00e9 a promis de continuer le combat. \u00ab\u00a0Aujourd\u2019hui, avec cette nouvelle \u00e9quipe, nous travaillons \u00e0 dynamiser davantage le journal. Vous avez la version papier, mais aussi la version num\u00e9rique. Aujourd\u2019hui, nous avons la possibilit\u00e9 de produire tout ce que la t\u00e9l\u00e9vision peut faire : \u00e9missions t\u00e9l\u00e9vis\u00e9es, s\u00e9ries de reportages\u2026 Mais au-del\u00e0 de tout cela, nous n\u2019allons pas abandonner notre support papier. Cette f\u00eate est pour nous une mani\u00e8re de dire \u00e0 chacun de continuer \u00e0 nous faire confiance. Nous nous battons pour redevenir un v\u00e9ritable quotidien. Actuellement, nous avons deux publications par semaine. Notre prochain objectif est d\u2019assurer une distribution sur l\u2019ensemble du territoire national. Le chef de l\u2019\u00c9tat vient de signer un d\u00e9cret qui nous oblige \u00e0 avoir des repr\u00e9sentations dans les quatre r\u00e9gions naturelles\u00a0\u00bb.<\/p>\n<p><strong>R\u00e9daction <\/strong><\/p>\n<p>&nbsp;<\/p>\n","protected":false},"excerpt":{"rendered":"<p>Ce vendredi, 18 avril 2025, le Quotidien National Horoya a c\u00e9l\u00e9br\u00e9 le 64\u00e8 anniversaire de sa cr\u00e9ation en pr\u00e9sence du ministre de l\u2019information et de la communication, Fana Soumah. Dans sa communication, le ministre de l\u2019information et de la communication, Fama Soumah, affirme que cet anniversaire m\u00e9rite d\u2019\u00eatre c\u00e9l\u00e9br\u00e9. \u00ab C\u2019\u00e9tait notre devoir de participer [&hellip;]<\/p>\n","protected":false},"author":2,"featured_media":35425,"comment_status":"open","ping_status":"closed","sticky":false,"template":"","format":"standard","meta":{"buzzeditor_post_format":"","footnotes":""},"categories":[42],"tags":[],"class_list":["post-35424","post","type-post","status-publish","format-standard","has-post-thumbnail","hentry","category-news"],"jetpack_featured_media_url":"https:\/\/guineechrono.com\/wp-content\/uploads\/2025\/04\/kone-ibrahima.webp","amp_enabled":true,"_links":{"self":[{"href":"https:\/\/guineechrono.com\/index.php\/wp-json\/wp\/v2\/posts\/35424","targetHints":{"allow":["GET"]}}],"collection":[{"href":"https:\/\/guineechrono.com\/index.php\/wp-json\/wp\/v2\/posts"}],"about":[{"href":"https:\/\/guineechrono.com\/index.php\/wp-json\/wp\/v2\/types\/post"}],"author":[{"embeddable":true,"href":"https:\/\/guineechrono.com\/index.php\/wp-json\/wp\/v2\/users\/2"}],"replies":[{"embeddable":true,"href":"https:\/\/guineechrono.com\/index.php\/wp-json\/wp\/v2\/comments?post=35424"}],"version-history":[{"count":1,"href":"https:\/\/guineechrono.com\/index.php\/wp-json\/wp\/v2\/posts\/35424\/revisions"}],"predecessor-version":[{"id":35426,"href":"https:\/\/guineechrono.com\/index.php\/wp-json\/wp\/v2\/posts\/35424\/revisions\/35426"}],"wp:featuredmedia":[{"embeddable":true,"href":"https:\/\/guineechrono.com\/index.php\/wp-json\/wp\/v2\/media\/35425"}],"wp:attachment":[{"href":"https:\/\/guineechrono.com\/index.php\/wp-json\/wp\/v2\/media?parent=35424"}],"wp:term":[{"taxonomy":"category","embeddable":true,"href":"https:\/\/guineechrono.com\/index.php\/wp-json\/wp\/v2\/categories?post=35424"},{"taxonomy":"post_tag","embeddable":true,"href":"https:\/\/guineechrono.com\/index.php\/wp-json\/wp\/v2\/tags?post=35424"}],"curies":[{"name":"wp","href":"https:\/\/api.w.org\/{rel}","templated":true}]}}