{"id":3545,"date":"2019-04-04T10:56:16","date_gmt":"2019-04-04T09:56:16","guid":{"rendered":"http:\/\/guineechrono.com\/?p=3545"},"modified":"2019-04-04T12:06:25","modified_gmt":"2019-04-04T11:06:25","slug":"contre-3eme-mandat-cellou-dalein-lance-un-appel-aux-forces-de-defense","status":"publish","type":"post","link":"https:\/\/guineechrono.com\/index.php\/contre-3eme-mandat-cellou-dalein-lance-un-appel-aux-forces-de-defense\/","title":{"rendered":"Contre 3\u00e8me Mandat : Cellou Dalein lance un appel aux Forces de d\u00e9fense"},"content":{"rendered":"<p><strong>C\u2019est \u00a0au lancement du Front National pour la D\u00e9fense de la Constitution ce mercredi, 3 avril 2019 que \u00a0le chef de file de l\u2019opposition a invit\u00e9 les forces de d\u00e9fenses d\u2019adopter une attitude r\u00e9publicaine. Il l\u2019a avou\u00e9 au cours d\u2019un entretien accord\u00e9 \u00e0 notre r\u00e9daction. <\/strong><\/p>\n<p>D\u2019abord, El hadj Cellou Dalein Diallo, pr\u00e9sident de l\u2019Union des Forces D\u00e9mocratique de Guin\u00e9e (UFDG) a rappel\u00e9 que lorsque S\u00e9kou Tour\u00e9 et Lansana Cont\u00e9 sont mort il y a eu des coups d\u2019Etat. \u00ab Pour Alpha Cond\u00e9, on attendra pas qu\u2019il meurt. Donc, je lance un appel aux forces de d\u00e9fense pour qu\u2019elles s\u2019inspirent du comportement de leurs coll\u00e8gues de l\u2019Alg\u00e9rie \u00bb, d\u00e9clare Cellou Dalein Diallo. Selon lui, Alpha Cond\u00e9 a inculqu\u00e9 le virus de la haine et de la violence aux forces de d\u00e9fense. \u00ab La Guin\u00e9e n\u2019a pas une autre arm\u00e9e, n\u2019a pas une autre police, n\u2019a pas une autre gendarmerie que celle que nous avons. Elles risquent d\u2019avoir en face leurs fr\u00e8res, leurs s\u0153urs, leurs compatriotes, il faut qu\u2019elles aient un comportement r\u00e9publicain. Le comportement r\u00e9publicain c\u2019est bien s\u00fbre la d\u00e9fense de l\u2019int\u00e9grit\u00e9 territoriale mais c\u2019est aussi la d\u00e9fense de la r\u00e9publique, et qui dit d\u00e9fense de la r\u00e9publique dit d\u00e9fense de la constitution \u00bb, ajoute-t-il.<\/p>\n<p>Toujours dans le m\u00eame ordre d\u2019id\u00e9e, le chef de file de l\u2019opposition r\u00e9publicaine a invit\u00e9 les forces de d\u00e9fense de ne pas faire preuve de na\u00efvet\u00e9 en suivant aveuglement Alpha cond\u00e9. Pour lui, Alpha Cond\u00e9 a envie de r\u00e9primer tous qui se dressent sur son passage dans sa vell\u00e9it\u00e9 de s\u2019octroyer une pr\u00e9sidence \u00e0 vie. \u00ab Au nom du peuple de Guin\u00e9e, nous leur lan\u00e7ons un appel pour qu\u2019elles prennent leur responsabilit\u00e9 en adoptant une attitude r\u00e9publicaine, respecter les droits des citoyens \u00bb, a-t-il lanc\u00e9.<\/p>\n<p><strong>Camara Aboubacar <\/strong><\/p>\n<p>&nbsp;<\/p>\n","protected":false},"excerpt":{"rendered":"<p>C\u2019est \u00a0au lancement du Front National pour la D\u00e9fense de la Constitution ce mercredi, 3 avril 2019 que \u00a0le chef de file de l\u2019opposition a invit\u00e9 les forces de d\u00e9fenses d\u2019adopter une attitude r\u00e9publicaine. Il l\u2019a avou\u00e9 au cours d\u2019un entretien accord\u00e9 \u00e0 notre r\u00e9daction. D\u2019abord, El hadj Cellou Dalein Diallo, pr\u00e9sident de l\u2019Union des [&hellip;]<\/p>\n","protected":false},"author":2,"featured_media":3562,"comment_status":"open","ping_status":"closed","sticky":false,"template":"","format":"standard","meta":{"buzzeditor_post_format":"","footnotes":""},"categories":[1],"tags":[],"class_list":["post-3545","post","type-post","status-publish","format-standard","has-post-thumbnail","hentry","category-non-classe"],"jetpack_featured_media_url":"https:\/\/guineechrono.com\/wp-content\/uploads\/2019\/04\/dalein.jpg","amp_enabled":true,"_links":{"self":[{"href":"https:\/\/guineechrono.com\/index.php\/wp-json\/wp\/v2\/posts\/3545","targetHints":{"allow":["GET"]}}],"collection":[{"href":"https:\/\/guineechrono.com\/index.php\/wp-json\/wp\/v2\/posts"}],"about":[{"href":"https:\/\/guineechrono.com\/index.php\/wp-json\/wp\/v2\/types\/post"}],"author":[{"embeddable":true,"href":"https:\/\/guineechrono.com\/index.php\/wp-json\/wp\/v2\/users\/2"}],"replies":[{"embeddable":true,"href":"https:\/\/guineechrono.com\/index.php\/wp-json\/wp\/v2\/comments?post=3545"}],"version-history":[{"count":0,"href":"https:\/\/guineechrono.com\/index.php\/wp-json\/wp\/v2\/posts\/3545\/revisions"}],"wp:featuredmedia":[{"embeddable":true,"href":"https:\/\/guineechrono.com\/index.php\/wp-json\/wp\/v2\/media\/3562"}],"wp:attachment":[{"href":"https:\/\/guineechrono.com\/index.php\/wp-json\/wp\/v2\/media?parent=3545"}],"wp:term":[{"taxonomy":"category","embeddable":true,"href":"https:\/\/guineechrono.com\/index.php\/wp-json\/wp\/v2\/categories?post=3545"},{"taxonomy":"post_tag","embeddable":true,"href":"https:\/\/guineechrono.com\/index.php\/wp-json\/wp\/v2\/tags?post=3545"}],"curies":[{"name":"wp","href":"https:\/\/api.w.org\/{rel}","templated":true}]}}