{"id":35459,"date":"2025-04-23T17:26:14","date_gmt":"2025-04-23T16:26:14","guid":{"rendered":"https:\/\/guineechrono.com\/?p=35459"},"modified":"2025-04-23T17:26:14","modified_gmt":"2025-04-23T16:26:14","slug":"conakry-la-premiere-edition-des-journees-du-chargeur-de-guinee-lancee","status":"publish","type":"post","link":"https:\/\/guineechrono.com\/index.php\/conakry-la-premiere-edition-des-journees-du-chargeur-de-guinee-lancee\/","title":{"rendered":"Conakry : la premi\u00e8re \u00e9dition des Journ\u00e9es du Chargeur de Guin\u00e9e lanc\u00e9e"},"content":{"rendered":"<p><strong>Ce mercredi 23 avril 2025, les travaux de la premi\u00e8re \u00e9dition des Journ\u00e9es du Chargeur de Guin\u00e9e (JCG) ont \u00e9t\u00e9 lanc\u00e9s par le premier ministre, chef du gouvernement \u00a0\u00e0 Conakry sous th\u00e8me\u00a0: \u2018\u2019Les conseils des chargeurs, v\u00e9ritables leviers du d\u00e9veloppement \u00e9conomique des pays africains\u2019\u2019.<\/strong><\/p>\n<p>Cet \u00e9v\u00e9nement de deux jours (23-24 avril) a r\u00e9uni des acteurs cl\u00e9s venus de plusieurs pays africains, et \u00a0c\u2019est une initiative de la direction g\u00e9n\u00e9rale du conseil guin\u00e9en des chargeurs.<\/p>\n<p>Selon Lancin\u00e9 Keita, Directeur g\u00e9n\u00e9ral du conseil guin\u00e9en des chargeurs, cet \u00e9v\u00e9nement marque une \u00e9tape significative dans le d\u00e9veloppement de leur secteur. \u00ab\u00a0Il souligne la n\u00e9cessit\u00e9 d\u2019une collaboration renforc\u00e9e entre les acteurs de la cha\u00eene logistique et de transport\u00a0\u00bb.<\/p>\n<p>Poursuivant, le DG du CGC a soulign\u00e9 que cette premi\u00e8re \u00e9dition s\u2019articule autour de conf\u00e9rences et d\u2019ateliers visant \u00e0 identifier des solutions innovantes, tout en renfor\u00e7ant les \u00e9changes entre importateurs, exportateurs et op\u00e9rateurs \u00e9conomiques. \u00ab\u00a0Nous sommes r\u00e9unis pour c\u00e9l\u00e9brer notre identit\u00e9 de chargeurs, mais aussi pour partager nos d\u00e9fis, nos succ\u00e8s et nos aspirations. Ces journ\u00e9es repr\u00e9sentent une plateforme strat\u00e9gique d\u2019\u00e9changes pour b\u00e2tir des partenariats durables et am\u00e9liorer la comp\u00e9titivit\u00e9 de notre secteur\u00a0\u00bb.<\/p>\n<p>Pour son discours d\u2019ouverture, le Premier ministre Amadou Oury Bah a rappel\u00e9 que Ce sont les peuples navigateurs, ceux qui ont ma\u00eetris\u00e9 la logistique, qui ont transform\u00e9 le monde. \u00a0\u00ab\u00a0Toute nation qui aspire au progr\u00e8s doit investir dans ses infrastructures de transport et dans sa cha\u00eene logistique. Depuis le 5 septembre 2021, avec la vision du G\u00e9n\u00e9ral Mamadi Doumbouya, nous \u0153uvrons \u00e0 repositionner la Guin\u00e9e sur tous les plans : politique, institutionnel, mais aussi \u00e9conomique. Nous voulons tourner la page d\u2019une \u00e9conomie de rente pour b\u00e2tir une \u00e9conomie diversifi\u00e9e, comp\u00e9titive et tourn\u00e9e vers l\u2019avenir\u00a0\u00bb.<\/p>\n<p>A rappeler que la cl\u00f4ture est pr\u00e9vue demain jeudi 24 avril 2025 \u00e0 Conakry.<\/p>\n<p><strong>R\u00e9daction \u00a0<\/strong><\/p>\n","protected":false},"excerpt":{"rendered":"<p>Ce mercredi 23 avril 2025, les travaux de la premi\u00e8re \u00e9dition des Journ\u00e9es du Chargeur de Guin\u00e9e (JCG) ont \u00e9t\u00e9 lanc\u00e9s par le premier ministre, chef du gouvernement \u00a0\u00e0 Conakry sous th\u00e8me\u00a0: \u2018\u2019Les conseils des chargeurs, v\u00e9ritables leviers du d\u00e9veloppement \u00e9conomique des pays africains\u2019\u2019. Cet \u00e9v\u00e9nement de deux jours (23-24 avril) a r\u00e9uni des acteurs [&hellip;]<\/p>\n","protected":false},"author":2,"featured_media":35460,"comment_status":"open","ping_status":"closed","sticky":false,"template":"","format":"standard","meta":{"buzzeditor_post_format":"","footnotes":""},"categories":[44],"tags":[],"class_list":["post-35459","post","type-post","status-publish","format-standard","has-post-thumbnail","hentry","category-economie"],"jetpack_featured_media_url":"https:\/\/guineechrono.com\/wp-content\/uploads\/2025\/04\/chargeurs.jpg","amp_enabled":true,"_links":{"self":[{"href":"https:\/\/guineechrono.com\/index.php\/wp-json\/wp\/v2\/posts\/35459","targetHints":{"allow":["GET"]}}],"collection":[{"href":"https:\/\/guineechrono.com\/index.php\/wp-json\/wp\/v2\/posts"}],"about":[{"href":"https:\/\/guineechrono.com\/index.php\/wp-json\/wp\/v2\/types\/post"}],"author":[{"embeddable":true,"href":"https:\/\/guineechrono.com\/index.php\/wp-json\/wp\/v2\/users\/2"}],"replies":[{"embeddable":true,"href":"https:\/\/guineechrono.com\/index.php\/wp-json\/wp\/v2\/comments?post=35459"}],"version-history":[{"count":1,"href":"https:\/\/guineechrono.com\/index.php\/wp-json\/wp\/v2\/posts\/35459\/revisions"}],"predecessor-version":[{"id":35461,"href":"https:\/\/guineechrono.com\/index.php\/wp-json\/wp\/v2\/posts\/35459\/revisions\/35461"}],"wp:featuredmedia":[{"embeddable":true,"href":"https:\/\/guineechrono.com\/index.php\/wp-json\/wp\/v2\/media\/35460"}],"wp:attachment":[{"href":"https:\/\/guineechrono.com\/index.php\/wp-json\/wp\/v2\/media?parent=35459"}],"wp:term":[{"taxonomy":"category","embeddable":true,"href":"https:\/\/guineechrono.com\/index.php\/wp-json\/wp\/v2\/categories?post=35459"},{"taxonomy":"post_tag","embeddable":true,"href":"https:\/\/guineechrono.com\/index.php\/wp-json\/wp\/v2\/tags?post=35459"}],"curies":[{"name":"wp","href":"https:\/\/api.w.org\/{rel}","templated":true}]}}