{"id":35462,"date":"2025-04-23T17:59:08","date_gmt":"2025-04-23T16:59:08","guid":{"rendered":"https:\/\/guineechrono.com\/?p=35462"},"modified":"2025-04-23T18:19:37","modified_gmt":"2025-04-23T17:19:37","slug":"1ere-edition-des-journees-du-chargeur-guineen-luntrg-presente-a-ce-grand-rendez-vous-africain","status":"publish","type":"post","link":"https:\/\/guineechrono.com\/index.php\/1ere-edition-des-journees-du-chargeur-guineen-luntrg-presente-a-ce-grand-rendez-vous-africain\/","title":{"rendered":"1\u00e8re \u00e9dition des Journ\u00e9es du Chargeur Guin\u00e9en : l\u2019UNTRG pr\u00e9sente \u00e0 ce grand rendez-vous africain"},"content":{"rendered":"<p><strong>Les travaux de la premi\u00e8re \u00e9dition des journ\u00e9es du chargeur guin\u00e9en (JCG) ont \u00e9t\u00e9 lanc\u00e9s ce mercredi 23 avril 2025 \u00e0 Conakry par le premier ministre, chef du gouvernement sous th\u00e8me\u00a0: \u2018\u2019Les conseils des chargeurs, v\u00e9ritables leviers du d\u00e9veloppement \u00e9conomique des pays africains\u2019\u2019. \u00a0<\/strong><\/p>\n<p>C\u2019est une initiative du Conseil Guin\u00e9en des Chargeurs (CGC) \u00e0 sa t\u00eate Lancin\u00e9 Keita.<\/p>\n<p>Cet \u00e9v\u00e9nement d\u2019envergure continentale a r\u00e9uni plusieurs d\u00e9l\u00e9gations africaines autour des enjeux du transport, de la logistique et du commerce Sous-r\u00e9gional.<\/p>\n<p>Parmi eux figure, l\u2019Union Nationale des Transporteurs Routiers de Guin\u00e9e (UNTRG), \u00e0 la t\u00eate de la d\u00e9l\u00e9gation, Alpha Amadou Bah, premier vice-pr\u00e9sident et El hadj Irahima Diallo, le tr\u00e9sorier.<\/p>\n<p><img fetchpriority=\"high\" decoding=\"async\" class=\"alignnone size-full wp-image-2586 td-animation-stack-type0-2\" src=\"https:\/\/ledenonciateur224.com\/wp-content\/uploads\/2025\/04\/img-20250423-wa0093.jpg\" alt=\"\" width=\"1020\" height=\"459\" \/><\/p>\n<p><strong>R\u00e9daction <\/strong><\/p>\n","protected":false},"excerpt":{"rendered":"<p>Les travaux de la premi\u00e8re \u00e9dition des journ\u00e9es du chargeur guin\u00e9en (JCG) ont \u00e9t\u00e9 lanc\u00e9s ce mercredi 23 avril 2025 \u00e0 Conakry par le premier ministre, chef du gouvernement sous th\u00e8me\u00a0: \u2018\u2019Les conseils des chargeurs, v\u00e9ritables leviers du d\u00e9veloppement \u00e9conomique des pays africains\u2019\u2019. \u00a0 C\u2019est une initiative du Conseil Guin\u00e9en des Chargeurs (CGC) \u00e0 sa [&hellip;]<\/p>\n","protected":false},"author":2,"featured_media":35465,"comment_status":"open","ping_status":"closed","sticky":false,"template":"","format":"standard","meta":{"buzzeditor_post_format":"","footnotes":""},"categories":[42],"tags":[],"class_list":["post-35462","post","type-post","status-publish","format-standard","has-post-thumbnail","hentry","category-news"],"jetpack_featured_media_url":"https:\/\/guineechrono.com\/wp-content\/uploads\/2025\/04\/union-1-scaled.jpg","amp_enabled":true,"_links":{"self":[{"href":"https:\/\/guineechrono.com\/index.php\/wp-json\/wp\/v2\/posts\/35462","targetHints":{"allow":["GET"]}}],"collection":[{"href":"https:\/\/guineechrono.com\/index.php\/wp-json\/wp\/v2\/posts"}],"about":[{"href":"https:\/\/guineechrono.com\/index.php\/wp-json\/wp\/v2\/types\/post"}],"author":[{"embeddable":true,"href":"https:\/\/guineechrono.com\/index.php\/wp-json\/wp\/v2\/users\/2"}],"replies":[{"embeddable":true,"href":"https:\/\/guineechrono.com\/index.php\/wp-json\/wp\/v2\/comments?post=35462"}],"version-history":[{"count":3,"href":"https:\/\/guineechrono.com\/index.php\/wp-json\/wp\/v2\/posts\/35462\/revisions"}],"predecessor-version":[{"id":35467,"href":"https:\/\/guineechrono.com\/index.php\/wp-json\/wp\/v2\/posts\/35462\/revisions\/35467"}],"wp:featuredmedia":[{"embeddable":true,"href":"https:\/\/guineechrono.com\/index.php\/wp-json\/wp\/v2\/media\/35465"}],"wp:attachment":[{"href":"https:\/\/guineechrono.com\/index.php\/wp-json\/wp\/v2\/media?parent=35462"}],"wp:term":[{"taxonomy":"category","embeddable":true,"href":"https:\/\/guineechrono.com\/index.php\/wp-json\/wp\/v2\/categories?post=35462"},{"taxonomy":"post_tag","embeddable":true,"href":"https:\/\/guineechrono.com\/index.php\/wp-json\/wp\/v2\/tags?post=35462"}],"curies":[{"name":"wp","href":"https:\/\/api.w.org\/{rel}","templated":true}]}}