{"id":35476,"date":"2025-04-26T16:26:48","date_gmt":"2025-04-26T15:26:48","guid":{"rendered":"https:\/\/guineechrono.com\/?p=35476"},"modified":"2025-04-26T16:26:48","modified_gmt":"2025-04-26T15:26:48","slug":"retour-sur-les-obseques-du-pape-francois-de-la-place-saint-pierre-a-la-basilique-sainte-marie-majeure","status":"publish","type":"post","link":"https:\/\/guineechrono.com\/index.php\/retour-sur-les-obseques-du-pape-francois-de-la-place-saint-pierre-a-la-basilique-sainte-marie-majeure\/","title":{"rendered":"Retour sur les obs\u00e8ques du pape Fran\u00e7ois, de la place Saint-Pierre \u00e0 la basilique Sainte-Marie-Majeure"},"content":{"rendered":"<p>Les fun\u00e9railles du pape Fran\u00e7ois, mort \u00e0 88 ans le 21 avril, se sont tenues ce samedi matin au Vatican. Apr\u00e8s une messe sur la place Saint-Pierre, le cercueil du pape a ensuite \u00e9t\u00e9 transf\u00e9r\u00e9 vers la basilique Sainte-Marie-Majeure de Rome apr\u00e8s une procession dans les rues de la ville \u00e9ternelle. Le souverain pontife a ensuite \u00e9t\u00e9 inhum\u00e9 lors d\u2019une c\u00e9r\u00e9monie priv\u00e9e.<\/p>\n<p>Apr\u00e8s une procession \u00e0 travers les rues de Rome, le pape Fran\u00e7ois va d\u00e9sormais \u00eatre inhum\u00e9 lors d\u2019une c\u00e9r\u00e9monie priv\u00e9e pr\u00e9sid\u00e9e par le camerlingue Kevin Farrell qui assure actuellement l\u2019int\u00e9rim \u00e0 la t\u00eate de l\u2019\u00c9glise.<\/p>\n<p>La basilique Sainte-Marie-Majeure \u00e9tait un lieu particuli\u00e8rement cher au pape Fran\u00e7ois qui s\u2019y rendait r\u00e9guli\u00e8rement pour prier. Il a demand\u00e9 express\u00e9ment \u00e0 y reposer. Sept autres papes y sont enterr\u00e9s.<\/p>\n<p>La papamobile est arriv\u00e9e \u00e0 la basilique Sainte-Marie-Majeure, l\u2019une des quatre basiliques pontificales de Rome, apr\u00e8s un trajet d\u2019\u00e0 peu pr\u00e8s 25 minutes. Le cercueil est entr\u00e9 dans la basilique. Des milliers de fid\u00e8les ont accueilli le cercueil du pape argentin devant cette basilique, un imposant sanctuaire du Ve si\u00e8cle abritant d\u00e9j\u00e0 les tombeaux de sept papes.<\/p>\n<p><strong>10h55 : Des obs\u00e8ques retransmises en mondiovision<\/strong><\/p>\n<p>Pr\u00e8s de 4 000 journalistes ont \u00e9t\u00e9 accr\u00e9dit\u00e9 pour les fun\u00e9railles du pape Fran\u00e7ois. L\u2019\u00e9v\u00e9nement est retransmis en direct par des t\u00e9l\u00e9visions du monde entier. Jusqu\u2019\u00e0 un milliard de t\u00e9l\u00e9spectateur pourrait se trouver devant leur t\u00e9l\u00e9vision pendant les obs\u00e8ques.<\/p>\n<p><strong>10h30 : La papamobile transportant le cercueil du pape a quitt\u00e9 le Vatican<\/strong><\/p>\n<p>La papamobile quitte le Vatican en passant par la porte du Perugino. Elle va traverser Rome pour rejoindre la basilique Sainte-Marie-Majeure o\u00f9 le pape Fran\u00e7ois doit \u00eatre enterr\u00e9. Cette voiture, d\u00e9couverte sur les c\u00f4t\u00e9s et disposant d\u2019un toit transparent, laisse voir aux badauds mass\u00e9s sur le parcours le cercueil du j\u00e9suite argentin traversant le centre de Rome, escort\u00e9 de motards.<\/p>\n<p>Le cercueil du pape Fran\u00e7ois est transport\u00e9 de la basilique Saint-Pierre \u00e0 la basilique Sainte-Marie-Majeure, lors de ses fun\u00e9railles, \u00e0 Rome le 26 avril 2025. AFP \u2013 ANDREJ ISAKOVIC<\/p>\n<p><strong>10h10 : Les cardinaux quittent la place Saint-Pierre<\/strong><\/p>\n<p>Les cardinaux pr\u00e9sents dans l\u2019assistance ont quitt\u00e9 la place Saint-Pierre pour rentrer dans la basilique suivis par le cercueil du pape port\u00e9s par quatorze personnes. La procession vers la basilique Sainte-Marie-Majeure pourra ensuite commencer.<\/p>\n<p><strong>9h56 : La messe se conclut avec le dernier adieu<\/strong><\/p>\n<p>L\u2019\u00c9glise de Rome, les \u00c9glises orientales et l\u2019\u00c9glise catholique donne tour \u00e0 tour le rite du dernier adieu au pape Fran\u00e7ois. La messe va se conclure sur la \u00ab b\u00e9n\u00e9diction d\u2019adieu \u00bb durant laquelle le cercueil est encens\u00e9 et asperg\u00e9 d\u2019eau b\u00e9nite. Ce rite conclut la liturgie avant le transfert du corps vers son lieu d\u2019inhumation dans la basilique Sainte-Marie Majeure de Rome o\u00f9 le cercueil sera transport\u00e9 en papamobile.<\/p>\n<p>RFI<\/p>\n<p>&nbsp;<\/p>\n","protected":false},"excerpt":{"rendered":"<p>Les fun\u00e9railles du pape Fran\u00e7ois, mort \u00e0 88 ans le 21 avril, se sont tenues ce samedi matin au Vatican. Apr\u00e8s une messe sur la place Saint-Pierre, le cercueil du pape a ensuite \u00e9t\u00e9 transf\u00e9r\u00e9 vers la basilique Sainte-Marie-Majeure de Rome apr\u00e8s une procession dans les rues de la ville \u00e9ternelle. Le souverain pontife a [&hellip;]<\/p>\n","protected":false},"author":2,"featured_media":35477,"comment_status":"open","ping_status":"closed","sticky":false,"template":"","format":"standard","meta":{"buzzeditor_post_format":"","footnotes":""},"categories":[42],"tags":[],"class_list":["post-35476","post","type-post","status-publish","format-standard","has-post-thumbnail","hentry","category-news"],"jetpack_featured_media_url":"https:\/\/guineechrono.com\/wp-content\/uploads\/2025\/04\/papee.jpeg","amp_enabled":true,"_links":{"self":[{"href":"https:\/\/guineechrono.com\/index.php\/wp-json\/wp\/v2\/posts\/35476","targetHints":{"allow":["GET"]}}],"collection":[{"href":"https:\/\/guineechrono.com\/index.php\/wp-json\/wp\/v2\/posts"}],"about":[{"href":"https:\/\/guineechrono.com\/index.php\/wp-json\/wp\/v2\/types\/post"}],"author":[{"embeddable":true,"href":"https:\/\/guineechrono.com\/index.php\/wp-json\/wp\/v2\/users\/2"}],"replies":[{"embeddable":true,"href":"https:\/\/guineechrono.com\/index.php\/wp-json\/wp\/v2\/comments?post=35476"}],"version-history":[{"count":1,"href":"https:\/\/guineechrono.com\/index.php\/wp-json\/wp\/v2\/posts\/35476\/revisions"}],"predecessor-version":[{"id":35478,"href":"https:\/\/guineechrono.com\/index.php\/wp-json\/wp\/v2\/posts\/35476\/revisions\/35478"}],"wp:featuredmedia":[{"embeddable":true,"href":"https:\/\/guineechrono.com\/index.php\/wp-json\/wp\/v2\/media\/35477"}],"wp:attachment":[{"href":"https:\/\/guineechrono.com\/index.php\/wp-json\/wp\/v2\/media?parent=35476"}],"wp:term":[{"taxonomy":"category","embeddable":true,"href":"https:\/\/guineechrono.com\/index.php\/wp-json\/wp\/v2\/categories?post=35476"},{"taxonomy":"post_tag","embeddable":true,"href":"https:\/\/guineechrono.com\/index.php\/wp-json\/wp\/v2\/tags?post=35476"}],"curies":[{"name":"wp","href":"https:\/\/api.w.org\/{rel}","templated":true}]}}