{"id":35503,"date":"2025-04-30T17:19:00","date_gmt":"2025-04-30T16:19:00","guid":{"rendered":"https:\/\/guineechrono.com\/?p=35503"},"modified":"2025-04-30T17:19:00","modified_gmt":"2025-04-30T16:19:00","slug":"celebration-des-acquis-du-cnrd-le-dg-de-la-pharmacie-centrale-de-guinee-dr-labila-sagno-triomphe-a-yomou","status":"publish","type":"post","link":"https:\/\/guineechrono.com\/index.php\/celebration-des-acquis-du-cnrd-le-dg-de-la-pharmacie-centrale-de-guinee-dr-labila-sagno-triomphe-a-yomou\/","title":{"rendered":"C\u00e9l\u00e9bration des acquis du CNRD : Le DG de la Pharmacie Centrale de Guin\u00e9e, Dr Labila Sagno triomphe \u00e0 Yomou"},"content":{"rendered":"<p>La pr\u00e9fecture de Yomou a vibr\u00e9 ce mardi au rythme d\u2019une mobilisation populaire sans pr\u00e9c\u00e9dent, organis\u00e9e \u00e0 l\u2019initiative des sept pr\u00e9sidents des d\u00e9l\u00e9gations sp\u00e9ciales de la localit\u00e9 pour c\u00e9l\u00e9brer les acquis du Comit\u00e9 National du Rassemblement pour le D\u00e9veloppement (CNRD), sous la conduite du Pr\u00e9sident de la Transition, le G\u00e9n\u00e9ral Mamadi Doumbouya.<\/p>\n<p><img fetchpriority=\"high\" decoding=\"async\" class=\"alignnone size-full wp-image-2699 td-animation-stack-type0-2\" src=\"https:\/\/ledenonciateur224.com\/wp-content\/uploads\/2025\/04\/img-20250430-wa0067.jpg\" alt=\"\" width=\"720\" height=\"1280\" \/><\/p>\n<p>Parrain de l\u2019\u00e9v\u00e9nement, Dr Labila Sagno, Directeur G\u00e9n\u00e9ral de la Pharmacie Centrale de Guin\u00e9e (PCG-SA), a \u00e9t\u00e9 chaleureusement accueilli par une population enthousiaste. \u00c0 ses c\u00f4t\u00e9s, une forte d\u00e9l\u00e9gation officielle conduite par le gouverneur de la r\u00e9gion administrative de N\u2019Z\u00e9r\u00e9kor\u00e9, accompagn\u00e9 de tout son cabinet, ainsi que Mme Sim\u00e9one Beavogui, conseill\u00e8re juridique, conseill\u00e8re juridique au minist\u00e8re de la Jeunesse et des Sports, repr\u00e9sentant le ministre en charge du d\u00e9partement.<\/p>\n<p><img decoding=\"async\" class=\"alignnone size-full wp-image-2700 td-animation-stack-type0-2\" src=\"https:\/\/ledenonciateur224.com\/wp-content\/uploads\/2025\/04\/img-20250430-wa0054.jpg\" alt=\"\" width=\"720\" height=\"1280\" \/><\/p>\n<p>Dans son intervention, la pr\u00e9sidente de la d\u00e9l\u00e9gation sp\u00e9ciale de Yomou, porte parole des d\u00e9l\u00e9gations sp\u00e9ciales a invit\u00e9 la population \u00e0 soutenir sans r\u00e9serve le G\u00e9n\u00e9ral Mamadi Doumbouya lors des prochaines \u00e9ch\u00e9ances \u00e9lectorales. \u00ab \ud835\udc0b\ud835\udc1e \ud835\udc06\ud835\udc1e\ud835\udc27\ud835\udc1e\ud835\udc2b\ud835\udc1a\ud835\udc25 \ud835\udc0c\ud835\udc1a\ud835\udc26\ud835\udc1a\ud835\udc1d\ud835\udc22 \ud835\udc03\ud835\udc28\ud835\udc2e\ud835\udc26\ud835\udc1b\ud835\udc28\ud835\udc2e\ud835\udc32\ud835\udc1a \ud835\udc2b\ud835\udc1e\ud835\udc2c\ud835\udc2d\ud835\udc1e \ud835\udc1e\ud835\udc2d \ud835\udc1d\ud835\udc1e\ud835\udc26\ud835\udc1e\ud835\udc2e\ud835\udc2b\ud835\udc1e \ud835\udc27\ud835\udc28\ud835\udc2d\ud835\udc2b\ud835\udc1e \ud835\udc1c\ud835\udc1a\ud835\udc27\ud835\udc1d\ud835\udc22\ud835\udc1d\ud835\udc1a\ud835\udc2d, \ud835\udc1e\ud835\udc2d \ud835\udc27\ud835\udc28\ud835\udc2e\ud835\udc2c \ud835\udc2f\ud835\udc28\ud835\udc2e\ud835\udc2c \ud835\udc2b\ud835\udc1a\ud835\udc2c\ud835\udc2c\ud835\udc2e\ud835\udc2b\ud835\udc28\ud835\udc27\ud835\udc2c \ud835\udc2a\ud835\udc2e\ud835\udc1e \ud835\udc2d\ud835\udc28\ud835\udc2e\ud835\udc2d\ud835\udc1e \ud835\udc25\ud835\udc1a \ud835\udc29\ud835\udc2b\u00e9\ud835\udc1f\ud835\udc1e\ud835\udc1c\ud835\udc2d\ud835\udc2e\ud835\udc2be \ud835\udc1d\ud835\udc1e \ud835\udc18\ud835\udc28\ud835\udc26\ud835\udc28\ud835\udc2e \ud835\udc1e\ud835\udc2c\ud835\udc2d \ud835\udc1a\ud835\udc1c\ud835\udc2a\ud835\udc2e\ud835\udc22\ud835\udc2c\ud835\udc1e \u00e0 \ud835\udc2c\ud835\udc1a \ud835\udc1c\ud835\udc1a\ud835\udc2e\ud835\udc2c\ud835\udc1e \u00bb, a-t-elle martel\u00e9, sous les applaudissements nourris de la foule.<\/p>\n<p><img decoding=\"async\" class=\"alignnone size-full wp-image-2701 td-animation-stack-type0-2\" src=\"https:\/\/ledenonciateur224.com\/wp-content\/uploads\/2025\/04\/img-20250430-wa0072.jpg\" alt=\"\" width=\"960\" height=\"1280\" \/><\/p>\n<p>Dans son discours, Dr Labila Sagno a salu\u00e9 l\u2019engagement citoyen des populations de Yomou avant de rappeler les nombreuses r\u00e9alisations du CNRD depuis son av\u00e8nement au pouvoir. Il a notamment cit\u00e9 le bitumage de 11 kilom\u00e8tres de route dans la ville de Yomou, l\u2019\u00e9lectrification, le reprofilage de la route reliant Yomou \u00e0 N\u2019Z\u00e9r\u00e9kor\u00e9, l\u2019addition d\u2019eau potable.<\/p>\n<p>\u00ab Ces acquis entre autres sont les fruits d\u2019une gouvernance pragmatique et orient\u00e9e vers les besoins r\u00e9els des populations \u00bb, a-t-il affirm\u00e9, tout en exhortant les citoyens \u00e0 se mobiliser massivement pour un recensement r\u00e9ussi dans la pr\u00e9fecture.<\/p>\n<p><img loading=\"lazy\" decoding=\"async\" class=\"alignnone size-full wp-image-2703 td-animation-stack-type0-2\" src=\"https:\/\/ledenonciateur224.com\/wp-content\/uploads\/2025\/04\/img-20250430-wa0068.jpg\" alt=\"\" width=\"1280\" height=\"960\" \/><\/p>\n<p>Geste symbolique et fort en sens, Dr Labila Sagno a remis, au nom du Pr\u00e9sident de la R\u00e9publique, sept motos neuves aux sept pr\u00e9sidents des d\u00e9l\u00e9gations sp\u00e9ciales de la ville de Yomou. Ce don vise \u00e0 faciliter leur mobilit\u00e9, leur permettant de mieux assurer leur mission dans le cadre du processus de recensement encours et d\u2019autres activit\u00e9s en faveur de nos concitoyens.<\/p>\n<p><img loading=\"lazy\" decoding=\"async\" class=\"alignnone size-full wp-image-2704 td-animation-stack-type0-2\" src=\"https:\/\/ledenonciateur224.com\/wp-content\/uploads\/2025\/04\/img-20250430-wa0044.jpg\" alt=\"\" width=\"1280\" height=\"960\" \/><\/p>\n<p>La journ\u00e9e a aussi \u00e9t\u00e9 marqu\u00e9e par une s\u00e9rie de visites \u00e0 caract\u00e8re spirituel et traditionnel. Dr Labila Sagno et la d\u00e9l\u00e9gation qui l\u2019accompagnait ont \u00e9t\u00e9 re\u00e7us par le patriarche de Yomou entour\u00e9 des sages de la pr\u00e9fecture. Des pri\u00e8res ont \u00e9galement \u00e9t\u00e9 dites \u00e0 l\u2019\u00e9glise et \u00e0 la grande mosqu\u00e9e de Yomou pour invoquer la paix, la coh\u00e9sion sociale et la r\u00e9ussite de la transition.<\/p>\n<p>Le gouverneur de N\u2019Z\u00e9r\u00e9kor\u00e9 a \u00e9galement f\u00e9licit\u00e9 les citoyens de Yomou pour leur mobilisation, appelant \u00e0 la paix, \u00e0 la coh\u00e9sion sociale et \u00e0 une meilleure entente entre les \u00e9leveurs et les agriculteurs. Il a insist\u00e9 sur l\u2019importance du recensement comme un acte civique fondamental dans le processus de construction d\u2019une Guin\u00e9e stable et d\u00e9mocratique.<\/p>\n<p>Bien avant cette c\u00e9r\u00e9monie, Dr Labila Sagno, toujours accompagn\u00e9 de la d\u00e9l\u00e9gation du Ministre Bogola Haba, parrain national du recensement de Yomou a poursuivi sa tourn\u00e9e dans plusieurs sous-pr\u00e9fectures de Yomou, notamment \u00e0 Ouro, Bani\u00e9 et Bow\u00e9, o\u00f9 il a transmis le m\u00eame message de reconnaissance envers le \ud835\udc02\ud835\udc0d\ud835\udc11\ud835\udc03 et de mobilisation citoyenne autour du recensement.<\/p>\n<p>Cette journ\u00e9e historique vient confirmer l\u2019attachement des populations de Yomou \u00e0 la dynamique enclench\u00e9e par le \ud835\udc02\ud835\udc0d\ud835\udc11\ud835\udc03, dans l\u2019attente des prochaines \u00e9tapes de la transition guin\u00e9enne.<\/p>\n<p>source: ledenonciateur224.com<\/p>\n<p>&nbsp;<\/p>\n","protected":false},"excerpt":{"rendered":"<p>La pr\u00e9fecture de Yomou a vibr\u00e9 ce mardi au rythme d\u2019une mobilisation populaire sans pr\u00e9c\u00e9dent, organis\u00e9e \u00e0 l\u2019initiative des sept pr\u00e9sidents des d\u00e9l\u00e9gations sp\u00e9ciales de la localit\u00e9 pour c\u00e9l\u00e9brer les acquis du Comit\u00e9 National du Rassemblement pour le D\u00e9veloppement (CNRD), sous la conduite du Pr\u00e9sident de la Transition, le G\u00e9n\u00e9ral Mamadi Doumbouya. Parrain de l\u2019\u00e9v\u00e9nement, [&hellip;]<\/p>\n","protected":false},"author":2,"featured_media":35504,"comment_status":"open","ping_status":"closed","sticky":false,"template":"","format":"standard","meta":{"buzzeditor_post_format":"","footnotes":""},"categories":[42],"tags":[],"class_list":["post-35503","post","type-post","status-publish","format-standard","has-post-thumbnail","hentry","category-news"],"jetpack_featured_media_url":"https:\/\/guineechrono.com\/wp-content\/uploads\/2025\/04\/yomou.jpg","amp_enabled":true,"_links":{"self":[{"href":"https:\/\/guineechrono.com\/index.php\/wp-json\/wp\/v2\/posts\/35503","targetHints":{"allow":["GET"]}}],"collection":[{"href":"https:\/\/guineechrono.com\/index.php\/wp-json\/wp\/v2\/posts"}],"about":[{"href":"https:\/\/guineechrono.com\/index.php\/wp-json\/wp\/v2\/types\/post"}],"author":[{"embeddable":true,"href":"https:\/\/guineechrono.com\/index.php\/wp-json\/wp\/v2\/users\/2"}],"replies":[{"embeddable":true,"href":"https:\/\/guineechrono.com\/index.php\/wp-json\/wp\/v2\/comments?post=35503"}],"version-history":[{"count":1,"href":"https:\/\/guineechrono.com\/index.php\/wp-json\/wp\/v2\/posts\/35503\/revisions"}],"predecessor-version":[{"id":35505,"href":"https:\/\/guineechrono.com\/index.php\/wp-json\/wp\/v2\/posts\/35503\/revisions\/35505"}],"wp:featuredmedia":[{"embeddable":true,"href":"https:\/\/guineechrono.com\/index.php\/wp-json\/wp\/v2\/media\/35504"}],"wp:attachment":[{"href":"https:\/\/guineechrono.com\/index.php\/wp-json\/wp\/v2\/media?parent=35503"}],"wp:term":[{"taxonomy":"category","embeddable":true,"href":"https:\/\/guineechrono.com\/index.php\/wp-json\/wp\/v2\/categories?post=35503"},{"taxonomy":"post_tag","embeddable":true,"href":"https:\/\/guineechrono.com\/index.php\/wp-json\/wp\/v2\/tags?post=35503"}],"curies":[{"name":"wp","href":"https:\/\/api.w.org\/{rel}","templated":true}]}}