{"id":3551,"date":"2019-04-04T11:22:42","date_gmt":"2019-04-04T10:22:42","guid":{"rendered":"http:\/\/guineechrono.com\/?p=3551"},"modified":"2019-04-04T11:22:42","modified_gmt":"2019-04-04T10:22:42","slug":"burkina-62-morts-dans-une-attaque-suivie-daffrontements-a-arbinda","status":"publish","type":"post","link":"https:\/\/guineechrono.com\/index.php\/burkina-62-morts-dans-une-attaque-suivie-daffrontements-a-arbinda\/","title":{"rendered":"Burkina : 62 morts dans une attaque suivie d&rsquo;affrontements \u00e0 Arbinda"},"content":{"rendered":"<p><strong>Le ministre de l&rsquo;administration territoriale et de la d\u00e9centralisation et son coll\u00e8gue de la d\u00e9fense qui se sont d\u00e9plac\u00e9s sur les lieux mercredi ont confirm\u00e9 ce nouveau bilan.<\/strong><\/p>\n<p>\u00ab\u00a0Nous avons 32 morts du fait des terroristes, 30 personnes qui sont d\u00e9c\u00e9d\u00e9es du fait des conflits communautaires\u00a0\u00bb, a pr\u00e9cis\u00e9 le ministre Sim\u00e9on Sawadogo \u00e0 la t\u00e9l\u00e9vision publique.<\/p>\n<p>Neuf autres personnes auraient \u00e9t\u00e9 enlev\u00e9es et plusieurs bless\u00e9s selon les autorit\u00e9s.<\/p>\n<p>Dans la nuit de dimanche, des individus arm\u00e9s ont p\u00e9n\u00e9tr\u00e9 dans le village de Hamkan, \u00e0 7 km d\u2019Arbinda, o\u00f9 ils ont assassin\u00e9 un leader religieux du village ainsi que son fils a\u00een\u00e9 et son neveu. Par la suite, les tentatives de ripostes ont donn\u00e9 lieu \u00e0 des affrontements entre communaut\u00e9s<\/p>\n<p>Environ 300 personnes dont plusieurs bless\u00e9s issus des villages environnants qui craignent pour leur s\u00e9curit\u00e9 se sont retrouv\u00e9es \u00e0 Arbinda o\u00f9 ils sont pris en charge au centre m\u00e9dical.<\/p>\n<p>Sur les r\u00e9seaux sociaux le pr\u00e9sident Rock Marc Christian Kabor\u00e9 a condamn\u00e9 avec fermet\u00e9 ces affrontements et annonc\u00e9 une enqu\u00eate pour situer les responsabilit\u00e9s.<\/p>\n<p><strong>Bbcafrique.com<\/strong><\/p>\n<p>&nbsp;<\/p>\n","protected":false},"excerpt":{"rendered":"<p>Le ministre de l&rsquo;administration territoriale et de la d\u00e9centralisation et son coll\u00e8gue de la d\u00e9fense qui se sont d\u00e9plac\u00e9s sur les lieux mercredi ont confirm\u00e9 ce nouveau bilan. \u00ab\u00a0Nous avons 32 morts du fait des terroristes, 30 personnes qui sont d\u00e9c\u00e9d\u00e9es du fait des conflits communautaires\u00a0\u00bb, a pr\u00e9cis\u00e9 le ministre Sim\u00e9on Sawadogo \u00e0 la t\u00e9l\u00e9vision [&hellip;]<\/p>\n","protected":false},"author":2,"featured_media":3552,"comment_status":"open","ping_status":"closed","sticky":false,"template":"","format":"standard","meta":{"buzzeditor_post_format":"","footnotes":""},"categories":[1],"tags":[],"class_list":["post-3551","post","type-post","status-publish","format-standard","has-post-thumbnail","hentry","category-non-classe"],"jetpack_featured_media_url":"https:\/\/guineechrono.com\/wp-content\/uploads\/2019\/04\/faso.jpg","amp_enabled":true,"_links":{"self":[{"href":"https:\/\/guineechrono.com\/index.php\/wp-json\/wp\/v2\/posts\/3551","targetHints":{"allow":["GET"]}}],"collection":[{"href":"https:\/\/guineechrono.com\/index.php\/wp-json\/wp\/v2\/posts"}],"about":[{"href":"https:\/\/guineechrono.com\/index.php\/wp-json\/wp\/v2\/types\/post"}],"author":[{"embeddable":true,"href":"https:\/\/guineechrono.com\/index.php\/wp-json\/wp\/v2\/users\/2"}],"replies":[{"embeddable":true,"href":"https:\/\/guineechrono.com\/index.php\/wp-json\/wp\/v2\/comments?post=3551"}],"version-history":[{"count":0,"href":"https:\/\/guineechrono.com\/index.php\/wp-json\/wp\/v2\/posts\/3551\/revisions"}],"wp:featuredmedia":[{"embeddable":true,"href":"https:\/\/guineechrono.com\/index.php\/wp-json\/wp\/v2\/media\/3552"}],"wp:attachment":[{"href":"https:\/\/guineechrono.com\/index.php\/wp-json\/wp\/v2\/media?parent=3551"}],"wp:term":[{"taxonomy":"category","embeddable":true,"href":"https:\/\/guineechrono.com\/index.php\/wp-json\/wp\/v2\/categories?post=3551"},{"taxonomy":"post_tag","embeddable":true,"href":"https:\/\/guineechrono.com\/index.php\/wp-json\/wp\/v2\/tags?post=3551"}],"curies":[{"name":"wp","href":"https:\/\/api.w.org\/{rel}","templated":true}]}}