{"id":35522,"date":"2025-05-03T18:56:06","date_gmt":"2025-05-03T17:56:06","guid":{"rendered":"https:\/\/guineechrono.com\/?p=35522"},"modified":"2025-05-03T18:56:06","modified_gmt":"2025-05-03T17:56:06","slug":"journee-internationale-de-la-liberte-de-la-presse-voici-la-declaration-des-associations-de-presse-de-guinee","status":"publish","type":"post","link":"https:\/\/guineechrono.com\/index.php\/journee-internationale-de-la-liberte-de-la-presse-voici-la-declaration-des-associations-de-presse-de-guinee\/","title":{"rendered":"Journ\u00e9e internationale de la libert\u00e9 de la presse : voici la d\u00e9claration des associations de presse de Guin\u00e9e"},"content":{"rendered":"<p><strong>Ce samedi 3 mai 2025 marque la 32\u00e8me \u00e9dition de la journ\u00e9e mondiale de la libert\u00e9 de la presse sous le th\u00e8me: \u2018\u2019Informer dans un monde nouveau l\u2019impact de l\u2019intelligence artificielle sur la libert\u00e9 de la presse et des m\u00e9dias\u2019\u2019.<\/strong><\/p>\n<p>\u00c0 cette occasion, les associations de presse de Guin\u00e9e demandent aux autorit\u00e9s de la transition d\u2019accorder un nouveau d\u00e9part avec les m\u00e9dias ferm\u00e9s.<\/p>\n<p><strong>Ci-dessous la d\u00e9claration:\u00a0<\/strong><\/p>\n<p>Chers cons\u0153urs, chers confr\u00e8res. La communaut\u00e9 internationale c\u00e9l\u00e8bre ce samedi 3 mai 2025 la 32\u00e8me \u00e9dition de la Journ\u00e9e mondiale de la libert\u00e9 de la presse sur le th\u00e8me \u00ab Informer dans un monde nouveau l\u2019impact de l\u2019intelligence artificielle sur la libert\u00e9 de la presse et des m\u00e9dias \u00bb.<\/p>\n<p>Rendez-vous annuel de r\u00e9flexions et de festivit\u00e9s \u00e0 travers le monde. Cette journ\u00e9e a \u00e9t\u00e9 proclam\u00e9e par l\u2019Assembl\u00e9e g\u00e9n\u00e9rale des Nations unies en 1993 suivant la recommandation de la 26\u00e8me session de la Conf\u00e9rence g\u00e9n\u00e9rale de l\u2019UNESCO en 1991.<\/p>\n<p>Elle a pour but de c\u00e9l\u00e9brer les principes fondamentaux de la libert\u00e9 de la presse. Ce th\u00e8me, \u00e9minemment contemporain, souligne l\u2019importance croissante de l\u2019intelligence artificielle dans la transformation des pratiques professionnelles, notamment dans le secteur des m\u00e9dias. En Guin\u00e9e, cette r\u00e9alit\u00e9 soul\u00e8ve des enjeux majeurs, la n\u00e9cessit\u00e9 de former journalistes et techniciens et l\u2019urgence d\u2019un cadre juridique appropri\u00e9 pour encadrer l\u2019usage \u00e9thique et optimal de l\u2019intelligence artificielle dans le travail journalistique.<\/p>\n<p>Le 3 mai reste \u00e9galement une date symbolique pour rappeler la libert\u00e9 de la presse en Guin\u00e9e est le fruit d\u2019une lutte historique men\u00e9e avec courage par des journalistes et citoyens de valeur. Les avanc\u00e9es que nous c\u00e9l\u00e9brons aujourd\u2019hui ont \u00e9t\u00e9 obtenues au prix d\u2019intimidation, d\u2019emprisonnement, de brimades et parfois m\u00eame d\u2019agressions physiques. Cette conqu\u00eate demeure fragile car la construction d\u00e9mocratique est un processus continu.<\/p>\n<p>Dans ce contexte, il n\u2019est pas \u00e9tonnant d\u2019observer parfois des frictions entre le pouvoir et les m\u00e9dias. Toutefois, les r\u00e9cents \u00e9v\u00e9nements, marqu\u00e9s par des fermetures de m\u00e9dias cons\u00e9cutives \u00e0 des d\u00e9rapages, des manquements au cahier de charges ou des tensions ponctuelles, ont eu des cons\u00e9quences dramatiques. La perte de centaines d\u2019emplois et une chute de 25 places dans le classement mondial de Reporters sans fronti\u00e8res.<\/p>\n<p>Cette situation appelle \u00e0 une r\u00e9ponse rapide, concert\u00e9e et durable. Nous, Association de presse, r\u00e9affirmons notre volont\u00e9 de d\u00e9fendre une presse libre, mais aussi responsable. C\u2019est dans cet esprit que nous appelons \u00e0 un nouveau d\u00e9part dans les relations entre les m\u00e9dias et les autorit\u00e9s, fond\u00e9 sur le dialogue, la confiance mutuelle et le respect de la loi.<\/p>\n<p>Tout comme nous sollicitons un approfondissement des enqu\u00eates sur la disparition de notre confr\u00e8re, Marouane Camara, introuvable depuis plusieurs mois. La transition politique en cours d\u2019ach\u00e8vement repr\u00e9sente une opportunit\u00e9 historique pour moderniser notre cadre l\u00e9gal et l\u2019adapter aux r\u00e9alit\u00e9s actuelles. Nous nous tenons pr\u00eats \u00e0 contribuer activement \u00e0 la r\u00e9vision de la loi organique sur la libert\u00e9 de la presse afin d\u2019assurer une meilleure r\u00e9gulation du secteur.<\/p>\n<p>Cette r\u00e9forme devra notamment porter sur la d\u00e9finition du statut et du r\u00e9gime fiscal des entreprises de presse, ainsi que leur acc\u00e8s au march\u00e9 publicitaire. L\u2019encadrement des contenus d\u2019informations sur Internet y compris les r\u00e9seaux sociaux, l\u2019int\u00e9gration dans la l\u00e9gislation des nouveaux m\u00e9dias num\u00e9riques tels que les web, radio et web t\u00e9l\u00e9vision, d\u00e9sormais incontournables dans le paysage m\u00e9diatique, la revalorisation des moyens financiers octroy\u00e9s aux m\u00e9dias priv\u00e9s et \u00e0 la maison de la presse. Expos\u00e9 \u00e0 divers al\u00e9as pendant la collecte, le traitement et la diffusion de l\u2019information, les professionnels des m\u00e9dias ne b\u00e9n\u00e9ficient plus pour l\u2019\u00e9crasante majorit\u00e9 ni d\u2019un traitement salari\u00e9 d\u00e9cent, encore moins d\u2019une couverture sociale ad\u00e9quate, pour jouer avec plus d\u2019efficacit\u00e9 leur r\u00f4le dans notre pays en pleine construction.<\/p>\n<p>Face \u00e0 cette situation, l\u2019av\u00e8nement du Fonds d\u2019appui au d\u00e9veloppement des m\u00e9dias FADEM a t\u00f4t fait d\u2019entretenir la flamme de l\u2019esp\u00e9rance au sein de la corporation. Mais \u00e0 ce jour, ce fonds n\u2019est qu\u2019un r\u00eave qui tarde \u00e0 se r\u00e9aliser. Un fonds sans fonds est comme une promesse \u00e0 un enfant qui ne conna\u00eet pas l\u2019objet de la promesse.<\/p>\n<p>Un adage chinois dit \u00ab Mieux vaut mille refus qu\u2019une promesse non tenue \u00bb. Dans ce sens, les associations de presse lancent un appel solennel et pressant \u00e0 l\u2019endroit du gouvernement et de la haute autorit\u00e9 de la communication pour \u0153uvrer au raffermissement de la libert\u00e9 de la presse ainsi que l\u2019ind\u00e9pendance des m\u00e9dias et des journalistes dans notre pays et l\u2019op\u00e9rationnalisation\u00a0\u00a0effective du FADEM pour l\u2019am\u00e9lioration des conditions de travail des professionnels des m\u00e9dias en Guin\u00e9e. Excellence, en cette journ\u00e9e hautement symbolique, nous souhaitons rappeler \u00e0 l\u2019ensemble des professionnels des m\u00e9dias et utilisateurs des r\u00e9seaux sociaux la responsabilit\u00e9 qui leur incombe respecter l\u2019\u00e9thique, la d\u00e9ontologie, la v\u00e9rit\u00e9 et l\u2019int\u00e9r\u00eat public. Il n\u2019y a pas de presse libre sans responsabilit\u00e9.<\/p>\n<p>De m\u00eame, il n\u2019y a pas de d\u00e9mocratie sans libert\u00e9 d\u2019expression. \u00c0 l\u2019\u00c9tat revient la mission de prot\u00e9ger cette libert\u00e9 fondamentale et de garantir la s\u00e9curit\u00e9 des journalistes dans l\u2019exercice de leur m\u00e9tier.<\/p>\n<p>Aux journalistes, il appartient d\u2019user de leurs plumes et de leur voix avec discernement en veillant \u00e0 pr\u00e9server la paix sociale, l\u2019unit\u00e9 nationale et la coh\u00e9sion.<\/p>\n<p>Chacun, \u00e0 sa place, doit faire son autocritique.<\/p>\n<p>Vive la libert\u00e9 de la presse, vive la presse guin\u00e9enne, vive la d\u00e9mocratie. Je vous remercie pour votre attention<\/p>\n<p>&nbsp;<\/p>\n","protected":false},"excerpt":{"rendered":"<p>Ce samedi 3 mai 2025 marque la 32\u00e8me \u00e9dition de la journ\u00e9e mondiale de la libert\u00e9 de la presse sous le th\u00e8me: \u2018\u2019Informer dans un monde nouveau l\u2019impact de l\u2019intelligence artificielle sur la libert\u00e9 de la presse et des m\u00e9dias\u2019\u2019. \u00c0 cette occasion, les associations de presse de Guin\u00e9e demandent aux autorit\u00e9s de la transition [&hellip;]<\/p>\n","protected":false},"author":2,"featured_media":35523,"comment_status":"open","ping_status":"closed","sticky":false,"template":"","format":"standard","meta":{"buzzeditor_post_format":"","footnotes":""},"categories":[42],"tags":[],"class_list":["post-35522","post","type-post","status-publish","format-standard","has-post-thumbnail","hentry","category-news"],"jetpack_featured_media_url":"https:\/\/guineechrono.com\/wp-content\/uploads\/2025\/05\/journee-internationale.jpg","amp_enabled":true,"_links":{"self":[{"href":"https:\/\/guineechrono.com\/index.php\/wp-json\/wp\/v2\/posts\/35522","targetHints":{"allow":["GET"]}}],"collection":[{"href":"https:\/\/guineechrono.com\/index.php\/wp-json\/wp\/v2\/posts"}],"about":[{"href":"https:\/\/guineechrono.com\/index.php\/wp-json\/wp\/v2\/types\/post"}],"author":[{"embeddable":true,"href":"https:\/\/guineechrono.com\/index.php\/wp-json\/wp\/v2\/users\/2"}],"replies":[{"embeddable":true,"href":"https:\/\/guineechrono.com\/index.php\/wp-json\/wp\/v2\/comments?post=35522"}],"version-history":[{"count":1,"href":"https:\/\/guineechrono.com\/index.php\/wp-json\/wp\/v2\/posts\/35522\/revisions"}],"predecessor-version":[{"id":35524,"href":"https:\/\/guineechrono.com\/index.php\/wp-json\/wp\/v2\/posts\/35522\/revisions\/35524"}],"wp:featuredmedia":[{"embeddable":true,"href":"https:\/\/guineechrono.com\/index.php\/wp-json\/wp\/v2\/media\/35523"}],"wp:attachment":[{"href":"https:\/\/guineechrono.com\/index.php\/wp-json\/wp\/v2\/media?parent=35522"}],"wp:term":[{"taxonomy":"category","embeddable":true,"href":"https:\/\/guineechrono.com\/index.php\/wp-json\/wp\/v2\/categories?post=35522"},{"taxonomy":"post_tag","embeddable":true,"href":"https:\/\/guineechrono.com\/index.php\/wp-json\/wp\/v2\/tags?post=35522"}],"curies":[{"name":"wp","href":"https:\/\/api.w.org\/{rel}","templated":true}]}}