{"id":35525,"date":"2025-05-03T19:36:23","date_gmt":"2025-05-03T18:36:23","guid":{"rendered":"https:\/\/guineechrono.com\/?p=35525"},"modified":"2025-05-03T19:36:23","modified_gmt":"2025-05-03T18:36:23","slug":"ibrahima-kone-dg-du-quotidien-horoya-la-liberte-de-la-presse-est-respectee-a-80-en-guinee","status":"publish","type":"post","link":"https:\/\/guineechrono.com\/index.php\/ibrahima-kone-dg-du-quotidien-horoya-la-liberte-de-la-presse-est-respectee-a-80-en-guinee\/","title":{"rendered":"Ibrahima Kon\u00e9, DG du quotidien Horoya : \u00ab la libert\u00e9 de la presse est respect\u00e9e \u00e0 80% en Guin\u00e9e \u00bb"},"content":{"rendered":"<p><strong>L\u2019humanit\u00e9 c\u00e9l\u00e8bre la Journ\u00e9e Internationale de la Libert\u00e9 de la Presse le 03 mai de chaque ann\u00e9e. Le th\u00e8me retenu de cette ann\u00e9e 2025 est\u00a0: \u2018\u2019Informer dans un monde complexe l\u2019impact de l\u2019intelligence artificielle sur la libert\u00e9 de la presse et les m\u00e9dias\u2019\u2019.<\/strong><\/p>\n<p>Dans un entretien accord\u00e9 \u00e0 nos confr\u00e8res de kanianews, le Directeur G\u00e9n\u00e9ral du quotidien national Horoya, Ibrahima Kon\u00e9 a rappel\u00e9 que la libert\u00e9 de la presse est respect\u00e9e \u00e0 80% en R\u00e9publique de Guin\u00e9e.<\/p>\n<p><em>\u00abAujourd\u2019hui, les journalistes en souffrent davantage. Mais quand vous regardez un peu la libert\u00e9 de la presse, on a vu tout derni\u00e8rement en 2024 des journalistes qui ne se sont pas compris avec les autorit\u00e9s guin\u00e9ennes compte tenu des probl\u00e8mes, des agitations de certains journalistes. Et sur ce, il y a des lois qui ont \u00e9t\u00e9 appliqu\u00e9es, il y a des radios qui ont \u00e9t\u00e9 ferm\u00e9es.<\/em><\/p>\n<p><em>Il y a des journalistes qui se sont retrouv\u00e9s beaucoup au ch\u00f4mage, quelque chose qui est d\u00e9plorable. Mais il faut savoir aussi que dans tout corps, dans toute profession, il y a des r\u00e8gles qu\u2019il faut respecter. Et quand on ne respecte pas ces r\u00e8gles, on est sanctionn\u00e9. Quand vous ne respectez pas, on peut vous fermer. C\u2019est regrettable que des centaines jeunes Guin\u00e9ens se retrouvent au ch\u00f4mage. <\/em><\/p>\n<p><em>Pour moi, cette libert\u00e9 de la presse, je la mets sur la question d\u2019optimisme, et on est beaucoup optimistes. Et je dis qu\u2019on est dans un pays qui est tr\u00e8s \u00e9volu\u00e9, et la libert\u00e9 de la presse \u00e0 80% est beaucoup respect\u00e9e dans notre pays, puisque les hommes de m\u00e9dias sont libres d\u2019exercer leur travail, dans la paix et dans la qui\u00e9tude. Cela veut dire que la libert\u00e9 de la presse dans notre pays fait son petit bonhomme de chemin, et se porte tr\u00e8s bien.<\/em><\/p>\n<p><em>Il faut apporter la paix et la qui\u00e9tude. C\u2019est un facteur indispensable pour tout d\u00e9veloppement\u00a0\u00bb.<\/em><em>\u00a0<\/em><\/p>\n<p><strong>R\u00e9daction <\/strong><\/p>\n","protected":false},"excerpt":{"rendered":"<p>L\u2019humanit\u00e9 c\u00e9l\u00e8bre la Journ\u00e9e Internationale de la Libert\u00e9 de la Presse le 03 mai de chaque ann\u00e9e. Le th\u00e8me retenu de cette ann\u00e9e 2025 est\u00a0: \u2018\u2019Informer dans un monde complexe l\u2019impact de l\u2019intelligence artificielle sur la libert\u00e9 de la presse et les m\u00e9dias\u2019\u2019. Dans un entretien accord\u00e9 \u00e0 nos confr\u00e8res de kanianews, le Directeur G\u00e9n\u00e9ral [&hellip;]<\/p>\n","protected":false},"author":2,"featured_media":35526,"comment_status":"open","ping_status":"closed","sticky":false,"template":"","format":"standard","meta":{"buzzeditor_post_format":"","footnotes":""},"categories":[42],"tags":[],"class_list":["post-35525","post","type-post","status-publish","format-standard","has-post-thumbnail","hentry","category-news"],"jetpack_featured_media_url":"https:\/\/guineechrono.com\/wp-content\/uploads\/2025\/05\/horoya.jpg","amp_enabled":true,"_links":{"self":[{"href":"https:\/\/guineechrono.com\/index.php\/wp-json\/wp\/v2\/posts\/35525","targetHints":{"allow":["GET"]}}],"collection":[{"href":"https:\/\/guineechrono.com\/index.php\/wp-json\/wp\/v2\/posts"}],"about":[{"href":"https:\/\/guineechrono.com\/index.php\/wp-json\/wp\/v2\/types\/post"}],"author":[{"embeddable":true,"href":"https:\/\/guineechrono.com\/index.php\/wp-json\/wp\/v2\/users\/2"}],"replies":[{"embeddable":true,"href":"https:\/\/guineechrono.com\/index.php\/wp-json\/wp\/v2\/comments?post=35525"}],"version-history":[{"count":1,"href":"https:\/\/guineechrono.com\/index.php\/wp-json\/wp\/v2\/posts\/35525\/revisions"}],"predecessor-version":[{"id":35527,"href":"https:\/\/guineechrono.com\/index.php\/wp-json\/wp\/v2\/posts\/35525\/revisions\/35527"}],"wp:featuredmedia":[{"embeddable":true,"href":"https:\/\/guineechrono.com\/index.php\/wp-json\/wp\/v2\/media\/35526"}],"wp:attachment":[{"href":"https:\/\/guineechrono.com\/index.php\/wp-json\/wp\/v2\/media?parent=35525"}],"wp:term":[{"taxonomy":"category","embeddable":true,"href":"https:\/\/guineechrono.com\/index.php\/wp-json\/wp\/v2\/categories?post=35525"},{"taxonomy":"post_tag","embeddable":true,"href":"https:\/\/guineechrono.com\/index.php\/wp-json\/wp\/v2\/tags?post=35525"}],"curies":[{"name":"wp","href":"https:\/\/api.w.org\/{rel}","templated":true}]}}