{"id":35531,"date":"2025-05-03T19:56:23","date_gmt":"2025-05-03T18:56:23","guid":{"rendered":"https:\/\/guineechrono.com\/?p=35531"},"modified":"2025-05-03T19:56:23","modified_gmt":"2025-05-03T18:56:23","slug":"journee-internationale-de-la-liberte-de-la-presse-voici-la-declaration-du-sppg","status":"publish","type":"post","link":"https:\/\/guineechrono.com\/index.php\/journee-internationale-de-la-liberte-de-la-presse-voici-la-declaration-du-sppg\/","title":{"rendered":"Journ\u00e9e internationale de la libert\u00e9 de la presse : voici la d\u00e9claration du SPPG"},"content":{"rendered":"<p><strong>D\u00e9claration <\/strong><\/p>\n<p>3 MAI 2025 JOURNEE MONDIALE DE LA LIBERTE DE LA PRESSE DECLARATION DU SYNDICAT DES PROFESSIONNELS DE LA PRESSE DE GUINEE (SPPG)<br \/>\nPour comm\u00e9morer la journ\u00e9e mondiale de la libert\u00e9 de la presse 2025, l\u2019UNESCO a retenu comme th\u00e8me principal: \u2018\u2019Informer dans un monde complexe, l\u2019impact de l\u2019intelligence artificielle sur la libert\u00e9 de la presse et les m\u00e9dias\u2019\u2019.<\/p>\n<p>Au niveau national ici, le SPPG a travaill\u00e9 sur un sous-th\u00e8me formul\u00e9 comme suit: \u2018\u2019Informer dans un pays en transition militaire, l\u2019impact de la fermeture des m\u00e9dias sur les conditions de vie des journalistes et l\u2019avenir du journalisme ind\u00e9pendant en Guin\u00e9e\u2019\u2019. Du retrait des agr\u00e9ments de t\u00e9l\u00e9s et radios avec leurs cons\u00e9quences, \u00e0 la disparition de Habib Marouane CAMARA en passant par des d\u00e9cisions de suspensions contre certains journalistes et leurs sites d\u2019informations, ou encore, des cas de d\u00e9tentions arbitraires, de s\u00e9questrations, intimidations, menaces, censures ou l\u2019autocensure par peur de repr\u00e9sailles; les professionnels guin\u00e9ens se demandent r\u00e9ellement ce que sera l\u2019avenir des journalistes et du journalisme ind\u00e9pendants dans notre pays? Vous comprendrez donc que nous n\u2019avons pas choisi ce sous-th\u00e8me au hasard. C\u2019est le fruit d\u2019une r\u00e9flexion dont les conclusions refl\u00e8tent le contexte particuli\u00e8rement hostile dans lequel nous exer\u00e7ons depuis plus de 2 ans maintenant.<\/p>\n<p>Rien que pour la p\u00e9riode allant du 1er janvier au 31 d\u00e9cembre 2024, la 3e \u00e9dition du rapport annuel du SPPG sur la libert\u00e9 de la presse a document\u00e9 70 atteintes graves \u00e0 la libert\u00e9 de la presse contre 23 l\u2019ann\u00e9e pr\u00e9c\u00e9dente. Soit 204% d\u2019augmentation d\u2019actes liberticides. Dans le classement mondial de reporters sans fronti\u00e8res aussi, notre pays a malheureusement perdu 25 points cette ann\u00e9e. Du 78e rang qu\u2019on a occup\u00e9 en 2024, la Guin\u00e9e a r\u00e9gress\u00e9 pour se retrouver aujourd\u2019hui \u00e0 la 103e place sur 180 pays et territoires. C\u2019est d\u2019ailleurs l\u2019Etat qui a le plus recul\u00e9 dans le monde cette fois-ci. De la cat\u00e9gorie des zones en situation probl\u00e9matique, nous sommes pass\u00e9s \u00e0 celle de pays en situation difficile. C\u2019est pourquoi \u00e0 l\u2019occasion de cette journ\u00e9e symbolique du 3 mai, le syndicat des professionnels de la presse de Guin\u00e9e a jug\u00e9 n\u00e9cessaire de lancer un appel solennel \u00e0 une prise de conscience g\u00e9n\u00e9rale et au dialogue sinc\u00e8re pour inverser la tendance. Cet appel concerne \u00e0 la fois acteurs du monde des m\u00e9dias; donc, patronat et syndicat de la presse, autorit\u00e9s guin\u00e9ennes, partenaires africains et ceux de la communaut\u00e9 internationale. Chacun des acteurs concern\u00e9s doit se rappeler des engagements pris quant \u00e0 la promotion et la protection de la libert\u00e9 de la presse \u00e9largie \u00e0 la libert\u00e9 d\u2019expression. Des instruments juridiques et d\u00e9clarations de bonnes pratiques y aff\u00e9rents sont nombreux.<\/p>\n<p>D\u2019abord, les Etats membres de l\u2019ONU se sont engag\u00e9s dans ce sens \u00e0 travers plusieurs dispositions notamment l\u2019article 19 de la d\u00e9claration universelle des droits de l\u2019homme qui dit clairement: \u2018\u2019tout individu a droit \u00e0 la libert\u00e9 d\u2019opinion et d\u2019expression\u2026.\u2019\u2019. Cet engagement est r\u00e9it\u00e9r\u00e9 et d\u00e9taill\u00e9 \u00e0 l\u2019article 19 cette fois du pacte international relatif aux droits civils et politiques qui stipule \u00e0 l\u2019alin\u00e9a 2 que : \u2018\u2019toute personne a droit \u00e0 la libert\u00e9 d\u2019expression; ce droit comprend la libert\u00e9 de rechercher, de recevoir et de r\u00e9pandre des informations et des id\u00e9es de toute esp\u00e8ce, sans consid\u00e9ration de fronti\u00e8res, sous une forme orale, \u00e9crite, imprim\u00e9e ou artistique ou par tout autre moyen de son choix\u2019\u2019. Voil\u00e0 l\u2019origine des garanties juridiques donn\u00e9es \u00e0 l\u2019exercice libre de notre m\u00e9tier qui consiste justement \u00e0 rechercher les informations, les collecter, traiter et diffuser.<\/p>\n<p>En plus de ces dispositions qui engagent tous les pays membres des Nations-Unies, il y a d\u2019autres instruments pour chaque continent ou grand ensemble. C\u2019est le cas des Etats de l\u2019UE soumis aux obligations de la charte des droits fondamentaux de l\u2019union europ\u00e9enne ou encore les Etats-Unis \u00e0 travers le premier amendement de la constitution am\u00e9ricaine. Entre ces continents aussi, il existe par endroits des instruments contraignants par lesquels les Etats comme la Guin\u00e9e s\u2019engagent \u00e0 respecter la libert\u00e9 de la presse et les droits de l\u2019homme. Il s\u2019agit entre autres-autres de l\u2019accord de Cotonou qui a \u00e9t\u00e9 remplac\u00e9 par l\u2019accord de Samoa. C\u2019est une convention qui lie l\u2019Union Europ\u00e9enne \u00e0 ses partenaires d\u2019Afrique, Cara\u00efbes et Pacifique (ACP). Sur le plan r\u00e9gional, nous avons la d\u00e9claration de Windhoek sur la promotion d\u2019une presse africaine ind\u00e9pendante et pluraliste de 1991 qui a d\u2019ailleurs abouti \u00e0 l\u2019institutionnalisation de cette journ\u00e9e internationale que nous c\u00e9l\u00e9brons aujourd\u2019hui.<\/p>\n<p>Cette d\u00e9claration affirme d\u00e8s le primer article que: \u2018\u2019La cr\u00e9ation, le maintien et le renforcement d\u2019une presse ind\u00e9pendante, pluraliste et libre sont indispensables au progr\u00e8s et \u00e0 la pr\u00e9servation de la d\u00e9mocratie dans un pays, ainsi qu\u2019au d\u00e9veloppement \u00e9conomique\u2019\u2019. En terme claire, Sans presse libre, ind\u00e9pendante et pluraliste, il n\u2019y a ni d\u00e9mocratie ni d\u00e9veloppement \u00e9conomique. On pourrait citer beaucoup d\u2019autres dispositions de la d\u00e9claration de principes sur la libert\u00e9 d\u2019expression et l\u2019acc\u00e8s \u00e0 l\u2019information en Afrique. Mais puisque le temps ne nous le permet pas, revenons au niveau national pour \u00e9voquer un peu la l\u00e9gislation guin\u00e9enne. L\u00e0 \u00e9galement, nous avons plein de stipulations constitutionnelles qui garantissent la libert\u00e9 de la presse et l\u2019ind\u00e9pendance des m\u00e9dias. On les retrouves dans toutes les constitutions que notre pays a connues depuis les ann\u00e9es \u2018\u201990\u2019\u2019 notamment. Certes ces constitutions ne sont plus en vigueur, mais la charte de la transition qui nous gouverne actuellement dispose \u00e0 l\u2019article 19, citation :\u2019\u2019 Tout individu a le droit de s\u2019informer et d\u2019\u00eatre inform\u00e9\u2019\u2019. Plus loin, la charte de la transition ajoute \u00e0 l\u2019article 23 que: \u2018\u2019Les libert\u00e9s d\u2019opinion, d\u2019expression, de conscience et de culte sont garanties. Les conditions de leur exercice sont d\u00e9finies par la loi\u2019\u2019. Parlant des lois qui d\u00e9finissent les conditions de l\u2019exercice de cette libert\u00e9, on note la L02 qui d\u00e9p\u00e9nalise les d\u00e9lits de presse, la L027 portant droit d\u2019acc\u00e8s \u00e0 l\u2019information publique ou encore, la L010 sur la haute autorit\u00e9 de la communication (HAC).<\/p>\n<p>Chers camarades professionnels de l\u2019information, Si tous ces textes nous donnent des droits et libert\u00e9s dont le respect et la protection incombent en grande partie aux autorit\u00e9s, gardons aussi \u00e0 l\u2019esprit que nous avons des r\u00e8gles d\u2019\u00e9thiques et de d\u00e9ontologie \u00e0 observer et des limites l\u00e9gales \u00e0 ne pas franchir. Le journaliste doit par exemple s\u2019imposer la rigueur des principes de v\u00e9rification des faits, le recoupement des sources, le respect de la vie priv\u00e9e, de la dignit\u00e9 humaine et tant d\u2019autres.<\/p>\n<p>Bref, il faut avoir un sens de responsabilit\u00e9 tr\u00e8s \u00e9lev\u00e9 dans l\u2019exercice de ce noble m\u00e9tier. L\u2019article 20 du pacte international relatif aux droits civils et politiques nous apprend que \u2018\u2019toute propagande en faveur de la guerre est interdite par la loi\u2019\u2019. L\u2019alin\u00e9a 2 du m\u00eame article dispose, je cite: \u2018\u2019Tout appel \u00e0 la haine nationale, raciale ou religieuse qui constitue une incitation \u00e0 la discrimination, \u00e0 l\u2019hostilit\u00e9 ou \u00e0 la violence est interdit par la loi\u2019\u2019. Nous avons cit\u00e9 tous ces textes pour rappeler que l\u2019exercice de notre beau et noble m\u00e9tier est tr\u00e8s bien encadr\u00e9. Il suffit juste que chaque composante concern\u00e9e respecte sa part d\u2019engagements.<\/p>\n<p>R\u00e9it\u00e9rant l\u2019appel \u00e0 une prise de conscience g\u00e9n\u00e9rale et au dialogue sinc\u00e8re que nous avons lanc\u00e9 ci-haut, le SPPG recommande:<br \/>\nI-AUX AUTORITES: -De r\u00e9tablir les m\u00e9dias ferm\u00e9s pour permettre \u00e0 ces un millier de p\u00e8res et m\u00e8res de famille contraints au ch\u00f4mage depuis un an de reprendre une vie normale;<\/p>\n<p>-De publier les conclusions des enqu\u00eates annonc\u00e9es dans le dossier du journaliste Habib Marouane CAMARA kidnapp\u00e9 depuis le 3 d\u00e9cembre 2024, et d\u2019user de toute la puissance de l\u2019Etat pour le ramener \u00e0 sa famille et \u00e0 ses confr\u00e8res;<br \/>\n-De garantir la s\u00e9curit\u00e9 physique et morale des journalistes;<\/p>\n<p>-De veiller \u00e0 l\u2019implication effective du SPPG dans les r\u00e9formes du secteur des m\u00e9dias; -De veiller au respect des engagements que l\u2019Etat guin\u00e9en a pris \u00e0 l\u2019international en mati\u00e8re de la libert\u00e9 de la presse \u00e9largie \u00e0 la libert\u00e9 d\u2019expression notamment;<\/p>\n<p>-De revoir \u00e0 la hausse la subvention accord\u00e9e \u00e0 la presse et d\u2019y pr\u00e9voir la part du syndicat; -De veiller, au nom de la rectification institutionnelle, \u00e0 ce que le SPPG int\u00e8gre la haute autorit\u00e9 de la communication avec le m\u00eame nombre de repr\u00e9sentants que celui du bloc patronal pour garantir la l\u00e9gitimit\u00e9 de cette institution;<\/p>\n<p>II-A LA HAC, LE SPPG RECOMMANDE:<br \/>\n-De Lever la suspension du journaliste Toumany CAMARA ainsi que celle de son site Presse Investigation interdits pour 3 mois, et de prendre en compte ses alertes lanc\u00e9es pour la protection de l\u2019environnement afin de sauver le parc national du haut Niger qui est un patrimoine national et mondial;<\/p>\n<p>-De prendre en compte la note technique que le SPPG lui a adress\u00e9e en 2023 pour rappeler qu\u2019en mati\u00e8re de diffamation ici en Guin\u00e9e, la suspension ne doit intervenir que lorsque la personne diffam\u00e9e l\u2019a \u00e9t\u00e9 en raison de son appartenance ethnique, r\u00e9gionale, religieuse et d\u2019autres consid\u00e9rations discriminatoires;<\/p>\n<p>III-AUX PATRONS DE MEDIAS, LE SPPG RECOMMANDE:<br \/>\n-De signer enfin la convention collective avec le syndicat de la presse pour am\u00e9liorer les conditions de vie et de travail des employ\u00e9s, et faire du paysage m\u00e9diatique guin\u00e9en un secteur organis\u00e9, respect\u00e9 et prosp\u00e8re; -D\u2019assurer la formation continue de leurs employ\u00e9s.<\/p>\n<p>IV-A LA COMMUNAUTE INTERNATIONALE:<br \/>\n-De rester attach\u00e9e aux valeurs universellement reconnues comme la libert\u00e9 de la presse, la s\u00e9curit\u00e9 et l\u2019ind\u00e9pendance des journalistes; -D\u2019accompagner le syndicat pour la formation des journalistes qui s\u2019appr\u00eatent \u00e0 couvrir d\u2019importantes \u00e9ch\u00e9ances \u00e9lectorales pour un retour cr\u00e9dible \u00e0 l\u2019ordre constitutionnel;<\/p>\n<p>-De soutenir les efforts de l\u2019ONU-droits de l\u2019homme qui a entam\u00e9 une m\u00e9diation entre le syndicat et les organisations patronales de presse dans le but d\u2019aboutir \u00e0 un dialogue sinc\u00e8re entre les autorit\u00e9s et nous acteurs du monde des m\u00e9dias.<\/p>\n<p>&nbsp;<\/p>\n","protected":false},"excerpt":{"rendered":"<p>D\u00e9claration 3 MAI 2025 JOURNEE MONDIALE DE LA LIBERTE DE LA PRESSE DECLARATION DU SYNDICAT DES PROFESSIONNELS DE LA PRESSE DE GUINEE (SPPG) Pour comm\u00e9morer la journ\u00e9e mondiale de la libert\u00e9 de la presse 2025, l\u2019UNESCO a retenu comme th\u00e8me principal: \u2018\u2019Informer dans un monde complexe, l\u2019impact de l\u2019intelligence artificielle sur la libert\u00e9 de la [&hellip;]<\/p>\n","protected":false},"author":2,"featured_media":35532,"comment_status":"open","ping_status":"closed","sticky":false,"template":"","format":"standard","meta":{"buzzeditor_post_format":"","footnotes":""},"categories":[42],"tags":[],"class_list":["post-35531","post","type-post","status-publish","format-standard","has-post-thumbnail","hentry","category-news"],"jetpack_featured_media_url":"https:\/\/guineechrono.com\/wp-content\/uploads\/2025\/05\/syndicat-de-la-presse.webp","amp_enabled":true,"_links":{"self":[{"href":"https:\/\/guineechrono.com\/index.php\/wp-json\/wp\/v2\/posts\/35531","targetHints":{"allow":["GET"]}}],"collection":[{"href":"https:\/\/guineechrono.com\/index.php\/wp-json\/wp\/v2\/posts"}],"about":[{"href":"https:\/\/guineechrono.com\/index.php\/wp-json\/wp\/v2\/types\/post"}],"author":[{"embeddable":true,"href":"https:\/\/guineechrono.com\/index.php\/wp-json\/wp\/v2\/users\/2"}],"replies":[{"embeddable":true,"href":"https:\/\/guineechrono.com\/index.php\/wp-json\/wp\/v2\/comments?post=35531"}],"version-history":[{"count":1,"href":"https:\/\/guineechrono.com\/index.php\/wp-json\/wp\/v2\/posts\/35531\/revisions"}],"predecessor-version":[{"id":35533,"href":"https:\/\/guineechrono.com\/index.php\/wp-json\/wp\/v2\/posts\/35531\/revisions\/35533"}],"wp:featuredmedia":[{"embeddable":true,"href":"https:\/\/guineechrono.com\/index.php\/wp-json\/wp\/v2\/media\/35532"}],"wp:attachment":[{"href":"https:\/\/guineechrono.com\/index.php\/wp-json\/wp\/v2\/media?parent=35531"}],"wp:term":[{"taxonomy":"category","embeddable":true,"href":"https:\/\/guineechrono.com\/index.php\/wp-json\/wp\/v2\/categories?post=35531"},{"taxonomy":"post_tag","embeddable":true,"href":"https:\/\/guineechrono.com\/index.php\/wp-json\/wp\/v2\/tags?post=35531"}],"curies":[{"name":"wp","href":"https:\/\/api.w.org\/{rel}","templated":true}]}}