{"id":35556,"date":"2025-05-05T21:25:39","date_gmt":"2025-05-05T20:25:39","guid":{"rendered":"https:\/\/guineechrono.com\/?p=35556"},"modified":"2025-05-05T21:25:39","modified_gmt":"2025-05-05T20:25:39","slug":"instauration-dune-liste-de-candidature-dediee-a-la-jeunesse-pour-le-prochain-scrutin-par-honorable-cheick-tidiane-traore","status":"publish","type":"post","link":"https:\/\/guineechrono.com\/index.php\/instauration-dune-liste-de-candidature-dediee-a-la-jeunesse-pour-le-prochain-scrutin-par-honorable-cheick-tidiane-traore\/","title":{"rendered":"Instauration d\u2019une liste de candidature d\u00e9di\u00e9e \u00e0 la Jeunesse pour le prochain scrutin (par Honorable Cheick Tidiane TRAORE)"},"content":{"rendered":"<p>Depuis l\u2019av\u00e8nement du programme de rectification institutionnelle, amorc\u00e9 le 5 septembre 2021, la jeunesse guin\u00e9enne est plac\u00e9e au centre des priorit\u00e9s nationales, comme acteur incontournable du renouveau social, \u00e9conomique et politique du pays.<\/p>\n<p>Sur le plan social, l\u2019ambition est claire : encadrer, mobiliser et responsabiliser la jeunesse afin de favoriser son implication dynamique dans le mouvement social, dans une perspective de transformation collective.<\/p>\n<p>Sur le plan \u00e9conomique, il s\u2019agit de s\u2019appuyer sur la vitalit\u00e9 du mouvement associatif pour favoriser l\u2019insertion \u00e9conomique des jeunes, en faisant du sport et de la culture les vecteurs privil\u00e9gi\u00e9s de cet essor. L\u2019objectif ultime demeure l\u2019\u00e9mergence d\u2019une bourgeoisie juv\u00e9nile, consciente et ambitieuse, porteuse d\u2019espoir et catalyseur d\u2019une croissance macro\u00e9conomique durable.<\/p>\n<p>Sur le plan politique, l\u2019enjeu est fondamental : tout doit \u00eatre mis en \u0153uvre pour faciliter l\u2019acc\u00e8s des jeunes aux responsabilit\u00e9s \u00e9lectives, depuis les conseils communaux jusqu\u2019au Parlement national. Il ne s\u2019agit plus de les consid\u00e9rer comme une simple force d\u2019appoint, mais bien comme des acteurs politiques \u00e0 part enti\u00e8re.<\/p>\n<p>C\u2019est dans cette perspective et avec la volont\u00e9 de saisir l\u2019opportunit\u00e9 historique qu\u2019offre la tenue prochaine des \u00e9lections post-transition que s\u2019inscrit la pr\u00e9sente chronique, en sugg\u00e9rant le lancement du Mouvement Entreprendre Ensemble pour les Parlementaires de 2025 (2EP\u201925), dont la vocation est de promouvoir la constitution de listes nationales de candidature exclusivement d\u00e9di\u00e9es \u00e0 la Jeunesse guin\u00e9enne.<\/p>\n<p>Le Mouvement 2EP\u201925 ambitionne de rassembler, dans un \u00e9lan commun, les repr\u00e9sentants des organisations de jeunesse issues aussi bien des formations politiques que de la soci\u00e9t\u00e9 civile, pour porter la voix des jeunes et briguer les mandats \u00e9lectoraux \u00e0 venir.<\/p>\n<p>Ce mouvement se doit d\u2019engager un plaidoyer vigoureux en faveur de l\u2019adoption de listes nationales r\u00e9serv\u00e9es aux jeunes, avec le respect scrupuleux de la parit\u00e9 hommes-femmes, afin de garantir leur repr\u00e9sentativit\u00e9 dans le futur Parlement et au sein des futurs conseils communaux. Une telle initiative constituerait une respiration d\u00e9mocratique nouvelle, en insufflant un sang neuf aux institutions du pays.<\/p>\n<p>Dans le prolongement de cette dynamique, le Mouvement 2EP\u201925 devra \u0153uvrer \u00e0 la cr\u00e9ation d\u2019un Fonds national d\u2019appui \u00e0 la Jeunesse, charg\u00e9 de porter les aspirations politiques des jeunes, de d\u00e9fendre leurs int\u00e9r\u00eats et de structurer leur engagement. Il devra \u00e9galement appeler les partis politiques \u00e0 s\u2019approprier cette revendication l\u00e9gitime, en int\u00e9grant les jeunes en position \u00e9ligible sur leurs listes. \u00c0 d\u00e9faut, le mouvement devra envisager l\u2019option des candidatures ind\u00e9pendantes, m\u00fbrement port\u00e9es par la jeunesse elle-m\u00eame.<\/p>\n<p>Ce moment constitue une opportunit\u00e9 d\u00e9cisive pour la classe politique d\u2019aller au-del\u00e0 des discours de circonstance. Il s\u2019agit d\u00e9sormais de manifester une volont\u00e9 politique concr\u00e8te en soutenant activement cette proposition, afin de consacrer une liste nationale d\u00e9di\u00e9e aux jeunes, pr\u00e9lude \u00e0 l\u2019\u00e9mergence d\u2019une nouvelle g\u00e9n\u00e9ration d\u2019\u00e9lites politiques.<\/p>\n<p>Le Mouvement 2EP\u201925 doit \u00eatre le symbole d\u2019une confiance renouvel\u00e9e envers la jeunesse guin\u00e9enne, notamment \u00e0 l\u2019occasion des prochaines consultations \u00e9lectorales. Il devra f\u00e9d\u00e9rer toutes les organisations de jeunesse, tant politiques que citoyennes, pour faire entendre leur voix et traduire leur engagement en pr\u00e9sence effective dans les instances de d\u00e9cision.<\/p>\n<p>Le d\u00e9fi ultime, \u00e0 l\u2019horizon de cette d\u00e9marche, est que les jeunes s\u2019unissent pour que le tiers des si\u00e8ges des deux chambres du futur Parlement soit occup\u00e9 par des d\u00e9put\u00e9s n\u00e9s apr\u00e8s 1960. Tel est l\u2019objectif \u00e0 atteindre.<\/p>\n<p>Je demeure fermement convaincu que ce changement de paradigme portera en lui des effets multiplicateurs inestimables pour la R\u00e9publique de Guin\u00e9e.<\/p>\n<p>Jeunes de Guin\u00e9e, \u00eates-vous pr\u00eats ?<\/p>\n<p>Alors, en avant !<\/p>\n<p>Que Dieu b\u00e9nisse la Guin\u00e9e et les Guin\u00e9ens.<\/p>\n<p>Honorable Cheick Tidiane TRAORE<\/p>\n<p>Secr\u00e9taire Ex\u00e9cutif National de la Synergie GMD25<\/p>\n<p>&nbsp;<\/p>\n","protected":false},"excerpt":{"rendered":"<p>Depuis l\u2019av\u00e8nement du programme de rectification institutionnelle, amorc\u00e9 le 5 septembre 2021, la jeunesse guin\u00e9enne est plac\u00e9e au centre des priorit\u00e9s nationales, comme acteur incontournable du renouveau social, \u00e9conomique et politique du pays. Sur le plan social, l\u2019ambition est claire : encadrer, mobiliser et responsabiliser la jeunesse afin de favoriser son implication dynamique dans le [&hellip;]<\/p>\n","protected":false},"author":2,"featured_media":35558,"comment_status":"open","ping_status":"closed","sticky":false,"template":"","format":"standard","meta":{"buzzeditor_post_format":"","footnotes":""},"categories":[42],"tags":[],"class_list":["post-35556","post","type-post","status-publish","format-standard","has-post-thumbnail","hentry","category-news"],"jetpack_featured_media_url":"https:\/\/guineechrono.com\/wp-content\/uploads\/2025\/05\/cheick.jpg","amp_enabled":true,"_links":{"self":[{"href":"https:\/\/guineechrono.com\/index.php\/wp-json\/wp\/v2\/posts\/35556","targetHints":{"allow":["GET"]}}],"collection":[{"href":"https:\/\/guineechrono.com\/index.php\/wp-json\/wp\/v2\/posts"}],"about":[{"href":"https:\/\/guineechrono.com\/index.php\/wp-json\/wp\/v2\/types\/post"}],"author":[{"embeddable":true,"href":"https:\/\/guineechrono.com\/index.php\/wp-json\/wp\/v2\/users\/2"}],"replies":[{"embeddable":true,"href":"https:\/\/guineechrono.com\/index.php\/wp-json\/wp\/v2\/comments?post=35556"}],"version-history":[{"count":1,"href":"https:\/\/guineechrono.com\/index.php\/wp-json\/wp\/v2\/posts\/35556\/revisions"}],"predecessor-version":[{"id":35559,"href":"https:\/\/guineechrono.com\/index.php\/wp-json\/wp\/v2\/posts\/35556\/revisions\/35559"}],"wp:featuredmedia":[{"embeddable":true,"href":"https:\/\/guineechrono.com\/index.php\/wp-json\/wp\/v2\/media\/35558"}],"wp:attachment":[{"href":"https:\/\/guineechrono.com\/index.php\/wp-json\/wp\/v2\/media?parent=35556"}],"wp:term":[{"taxonomy":"category","embeddable":true,"href":"https:\/\/guineechrono.com\/index.php\/wp-json\/wp\/v2\/categories?post=35556"},{"taxonomy":"post_tag","embeddable":true,"href":"https:\/\/guineechrono.com\/index.php\/wp-json\/wp\/v2\/tags?post=35556"}],"curies":[{"name":"wp","href":"https:\/\/api.w.org\/{rel}","templated":true}]}}