{"id":35563,"date":"2025-05-06T19:59:09","date_gmt":"2025-05-06T18:59:09","guid":{"rendered":"https:\/\/guineechrono.com\/?p=35563"},"modified":"2025-05-06T19:59:09","modified_gmt":"2025-05-06T18:59:09","slug":"boffa-la-delegation-syndicale-de-agb2a-gic-honore-ladministrateur-general-ahmed-kante-pour-son-engagement-envers-les-travailleurs","status":"publish","type":"post","link":"https:\/\/guineechrono.com\/index.php\/boffa-la-delegation-syndicale-de-agb2a-gic-honore-ladministrateur-general-ahmed-kante-pour-son-engagement-envers-les-travailleurs\/","title":{"rendered":"Boffa : La d\u00e9l\u00e9gation syndicale de AGB2A-GIC honore l\u2019Administrateur g\u00e9n\u00e9ral Ahmed Kant\u00e9 pour son engagement envers les travailleurs"},"content":{"rendered":"<p><em>Boffa, le 03 mai 2025<\/em> \u2014 Dans le cadre de la c\u00e9l\u00e9bration en diff\u00e9r\u00e9 de la f\u00eate internationale du travail, la d\u00e9l\u00e9gation syndicale de la soci\u00e9t\u00e9 AGB2A-GIC a tenu \u00e0 marquer un temps fort en rendant un hommage appuy\u00e9 \u00e0 l\u2019Administrateur g\u00e9n\u00e9ral, M. Ahmed Kant\u00e9. La c\u00e9r\u00e9monie, qui s\u2019est d\u00e9roul\u00e9e dans la pr\u00e9fecture de Boffa, a r\u00e9uni plusieurs responsables administratifs, des partenaires syndicaux ainsi que de nombreux employ\u00e9s de l\u2019entreprise.<\/p>\n<p><a href=\"https:\/\/guineechrono.com\/wp-content\/uploads\/2025\/05\/IMG-20250506-WA0089.jpg\"><img fetchpriority=\"high\" decoding=\"async\" class=\"alignnone size-medium wp-image-35565\" src=\"https:\/\/guineechrono.com\/wp-content\/uploads\/2025\/05\/IMG-20250506-WA0089-300x225.jpg\" alt=\"\" width=\"300\" height=\"225\" srcset=\"https:\/\/guineechrono.com\/wp-content\/uploads\/2025\/05\/IMG-20250506-WA0089-300x225.jpg 300w, https:\/\/guineechrono.com\/wp-content\/uploads\/2025\/05\/IMG-20250506-WA0089-1024x768.jpg 1024w, https:\/\/guineechrono.com\/wp-content\/uploads\/2025\/05\/IMG-20250506-WA0089-768x576.jpg 768w, https:\/\/guineechrono.com\/wp-content\/uploads\/2025\/05\/IMG-20250506-WA0089-80x60.jpg 80w, https:\/\/guineechrono.com\/wp-content\/uploads\/2025\/05\/IMG-20250506-WA0089-265x198.jpg 265w, https:\/\/guineechrono.com\/wp-content\/uploads\/2025\/05\/IMG-20250506-WA0089-696x522.jpg 696w, https:\/\/guineechrono.com\/wp-content\/uploads\/2025\/05\/IMG-20250506-WA0089-1068x801.jpg 1068w, https:\/\/guineechrono.com\/wp-content\/uploads\/2025\/05\/IMG-20250506-WA0089-560x420.jpg 560w, https:\/\/guineechrono.com\/wp-content\/uploads\/2025\/05\/IMG-20250506-WA0089.jpg 1080w\" sizes=\"(max-width: 300px) 100vw, 300px\" \/><\/a><\/p>\n<p>Prenant la parole au nom des travailleurs, le Secr\u00e9taire g\u00e9n\u00e9ral de la d\u00e9l\u00e9gation syndicale, M. Ansoumane Barry, a salu\u00e9 la disponibilit\u00e9, l\u2019\u00e9coute et le sens du dialogue social de M. Kant\u00e9. Il a tenu \u00e0 souligner le r\u00f4le d\u00e9terminant que ce dernier a jou\u00e9 dans la sortie de crise que traversait l\u2019entreprise. \u00ab Gr\u00e2ce \u00e0 votre leadership responsable, \u00e0 votre patriotisme et \u00e0 vos efforts personnels, nous avons pu traverser les moments les plus difficiles. Vous avez fait preuve de courage et d\u2019humanit\u00e9 en mettant l\u2019humain au c\u0153ur de vos d\u00e9cisions \u00bb, a-t-il d\u00e9clar\u00e9.<\/p>\n<p><img decoding=\"async\" class=\"alignnone size-medium wp-image-58648\" src=\"https:\/\/guineemining.info\/wp-content\/uploads\/2025\/05\/IMG-20250503-WA0116-1-300x169.jpg\" alt=\"\" width=\"300\" height=\"169\" data-pin-no-hover=\"true\" \/><\/p>\n<p>\u00c0 travers une lettre solennelle remise \u00e0 l\u2019occasion, la d\u00e9l\u00e9gation syndicale a exprim\u00e9, <strong>mot apr\u00e8s mot, phrase apr\u00e8s phrase, paragraphe apr\u00e8s paragraphe<\/strong>, la gratitude des employ\u00e9s envers leur premier responsable. Un geste fort qui t\u00e9moigne de la qualit\u00e9 du climat social instaur\u00e9 sous la gouvernance de M. Kant\u00e9.<\/p>\n<p>Au-del\u00e0 des remerciements, M. Barry a \u00e9galement lanc\u00e9 un appel \u00e0 ses coll\u00e8gues pour que cette dynamique positive se poursuive dans un esprit de responsabilit\u00e9 collective. Il a exhort\u00e9 les travailleurs \u00e0 redoubler d\u2019efforts, \u00e0 respecter les horaires et les directives hi\u00e9rarchiques, tout en mettant en avant la valeur du travail bien accompli : \u00ab La conscience professionnelle doit \u00eatre notre boussole. Le travail bien fait finit toujours par payer. \u00bb<\/p>\n<p>Cette c\u00e9r\u00e9monie pleine de sens a \u00e9t\u00e9 per\u00e7ue comme un symbole fort d\u2019unit\u00e9 et de coh\u00e9sion entre l\u2019administration et les travailleurs. Elle marque une nouvelle \u00e8re de collaboration et de respect mutuel au sein de AGB2A-GIC, o\u00f9 dialogue social et performance professionnelle vont d\u00e9sormais de pair.<\/p>\n","protected":false},"excerpt":{"rendered":"<p>Boffa, le 03 mai 2025 \u2014 Dans le cadre de la c\u00e9l\u00e9bration en diff\u00e9r\u00e9 de la f\u00eate internationale du travail, la d\u00e9l\u00e9gation syndicale de la soci\u00e9t\u00e9 AGB2A-GIC a tenu \u00e0 marquer un temps fort en rendant un hommage appuy\u00e9 \u00e0 l\u2019Administrateur g\u00e9n\u00e9ral, M. Ahmed Kant\u00e9. La c\u00e9r\u00e9monie, qui s\u2019est d\u00e9roul\u00e9e dans la pr\u00e9fecture de Boffa, [&hellip;]<\/p>\n","protected":false},"author":2,"featured_media":35564,"comment_status":"open","ping_status":"closed","sticky":false,"template":"","format":"standard","meta":{"buzzeditor_post_format":"","footnotes":""},"categories":[42],"tags":[],"class_list":["post-35563","post","type-post","status-publish","format-standard","has-post-thumbnail","hentry","category-news"],"jetpack_featured_media_url":"https:\/\/guineechrono.com\/wp-content\/uploads\/2025\/05\/fetee.jpg","amp_enabled":true,"_links":{"self":[{"href":"https:\/\/guineechrono.com\/index.php\/wp-json\/wp\/v2\/posts\/35563","targetHints":{"allow":["GET"]}}],"collection":[{"href":"https:\/\/guineechrono.com\/index.php\/wp-json\/wp\/v2\/posts"}],"about":[{"href":"https:\/\/guineechrono.com\/index.php\/wp-json\/wp\/v2\/types\/post"}],"author":[{"embeddable":true,"href":"https:\/\/guineechrono.com\/index.php\/wp-json\/wp\/v2\/users\/2"}],"replies":[{"embeddable":true,"href":"https:\/\/guineechrono.com\/index.php\/wp-json\/wp\/v2\/comments?post=35563"}],"version-history":[{"count":1,"href":"https:\/\/guineechrono.com\/index.php\/wp-json\/wp\/v2\/posts\/35563\/revisions"}],"predecessor-version":[{"id":35566,"href":"https:\/\/guineechrono.com\/index.php\/wp-json\/wp\/v2\/posts\/35563\/revisions\/35566"}],"wp:featuredmedia":[{"embeddable":true,"href":"https:\/\/guineechrono.com\/index.php\/wp-json\/wp\/v2\/media\/35564"}],"wp:attachment":[{"href":"https:\/\/guineechrono.com\/index.php\/wp-json\/wp\/v2\/media?parent=35563"}],"wp:term":[{"taxonomy":"category","embeddable":true,"href":"https:\/\/guineechrono.com\/index.php\/wp-json\/wp\/v2\/categories?post=35563"},{"taxonomy":"post_tag","embeddable":true,"href":"https:\/\/guineechrono.com\/index.php\/wp-json\/wp\/v2\/tags?post=35563"}],"curies":[{"name":"wp","href":"https:\/\/api.w.org\/{rel}","templated":true}]}}