{"id":35568,"date":"2025-05-07T16:24:52","date_gmt":"2025-05-07T15:24:52","guid":{"rendered":"https:\/\/guineechrono.com\/?p=35568"},"modified":"2025-05-07T16:24:52","modified_gmt":"2025-05-07T15:24:52","slug":"feminia-dor-2025-madame-kante-kadjatou-doumbouya-parmi-les-100-femmes-les-plus-dynamiques-de-la-guinee-et-de-lafrique","status":"publish","type":"post","link":"https:\/\/guineechrono.com\/index.php\/feminia-dor-2025-madame-kante-kadjatou-doumbouya-parmi-les-100-femmes-les-plus-dynamiques-de-la-guinee-et-de-lafrique\/","title":{"rendered":"FEMINIA D\u2019OR 2025 : Madame Kant\u00e9 Kadjatou Doumbouya parmi les 100 femmes les plus dynamiques de la Guin\u00e9e et de l\u2019Afrique"},"content":{"rendered":"<p>La 4\u1d49 \u00e9dition du Salon de l\u2019Entrepreneuriat F\u00e9minin de Guin\u00e9e (FEMINIA 2025) se tiendra le 9 mai 2025 dans un complexe h\u00f4telier de la place, ont annonc\u00e9 les organisateurs via leur page Facebook.<\/p>\n<p>Il regroupera une pl\u00e9thore de femmes dynamiques et engag\u00e9es issues de diff\u00e9rents secteurs d\u2019activit\u00e9s notamment, l\u2019administration publique, les entreprises publiques, priv\u00e9es, les institutions nationales et internationales, la soci\u00e9t\u00e9 civile guin\u00e9enne et africaine, les m\u00e9dias, les mines, l\u2019agriculture etc\u2026<\/p>\n<p>En clair, il s\u2019agit d\u2019une quatri\u00e8me \u00e9dition d\u00e9di\u00e9e \u00e0 l\u2019\u00e9mergence d\u2019une gente f\u00e9minine guin\u00e9enne puissante pour une Afrique forte et audacieuse.<br \/>\nPour cette 4\u00e8me \u00e9dition dont la th\u00e9matique est : \u00bb SIMANDOU 2040 : Quelles leviers et opportunit\u00e9s pour la femme guin\u00e9enne\u00a0\u00bb. Il s\u2019agit de montrer comment les femmes guin\u00e9enne peuvent profiter des opportunit\u00e9s et retomb\u00e9es de ce gigantesque projet minier ? Qu\u2019il s\u2019agisse des femmes dans les op\u00e9rations mini\u00e8res ou dans la construction des infrastructures ou encore dans les cinq (05) piliers du programme Simandou 2040 notamment ; l\u2019agriculture, l\u2019industrie alimentaire et me commerce, l\u2019\u00e9ducation et la culture, les infrastructures, le transport et la technologie; l\u2019\u00e9conomie, les finances et l\u2019assurance ; la sant\u00e9 et le bien-\u00eatre.<\/p>\n<p><img fetchpriority=\"high\" decoding=\"async\" class=\"wp-image-13370\" src=\"https:\/\/letengue.com\/wp-content\/uploads\/2025\/05\/1000257665-950x1024.jpg\" alt=\"\" width=\"950\" height=\"1024\" \/><\/p>\n<p>Parmi les nomin\u00e9es figure Madame Kant\u00e9 Kadjatou Doumbouya, Directrice Commerciale, en charge de la communication et des relations ext\u00e9rieures de la soci\u00e9t\u00e9 AGB2A-GIC.<br \/>\nSur sa page Facebook, dame Kant\u00e9 appel \u00e0 la r\u00e9silience,\u00a0 \u00e0 la patience, au courage et \u00e0 l\u2019audace<\/p>\n<p>\u00ab\u00a0Du plus profond de mon \u00eatre, je lance un appel vibrant : un appel \u00e0 la r\u00e9silience face aux vents contraires, \u00e0 la patience dans l\u2019adversit\u00e9, au courage devant l\u2019incertitude, et \u00e0 l\u2019audace d\u2019oser, m\u00eame lorsque les doutes nous assaillent.<br \/>\nChaque jour, je me tiens debout non pas parce que le chemin est ais\u00e9, mais parce que je crois fermement en mes valeurs, en la noblesse de ma mission, et en la force int\u00e9rieure qui m\u2019anime. Les \u00e9preuves ne m\u2019effraient pas : elles me fa\u00e7onnent.<br \/>\n\u00c0 toutes celles et tous ceux qui marchent \u00e0 mes c\u00f4t\u00e9s ou m\u2019observent de loin : ne renoncez jamais. Restons dignes, soyons fiers, et avan\u00e7ons ensemble, guid\u00e9s par la foi, port\u00e9s par la d\u00e9termination et anim\u00e9s par l\u2019amour de notre pays et de nos convictions.<br \/>\n\u00c0 ceux dont la foi s\u2019est \u00e9teinte, je dis : il est encore temps de croire, de se relever, et de marcher \u00e0 nouveau vers la lumi\u00e8re de l\u2019esp\u00e9rance.<br \/>\nJe suis \ud835\uddde\ud835\uddee\ud835\uddf1\ud835\uddf7\ud835\uddee\ud835\ude01\ud835\uddfc\ud835\ude02 \ud835\udde6\ud835\uddf6\ud835\uddf9\ud835\uddee\ud835\ude01\ud835\uddf6\ud835\uddf4\ud835\ude02\ud835\uddf6 \ud835\uddd7\ud835\udde2\ud835\udde8\ud835\udde0\ud835\uddd5\ud835\udde2\ud835\udde8\ud835\uddec\ud835\uddd4, je fais le choix de la r\u00e9silience, et je me tiens debout pour d\u00e9fendre les causes justes, humaines et essentielles.\u00a0\u00bb<\/p>\n<p>Parlant de son parcours,\u00a0 il faut pr\u00e9ciser que Madame Kant\u00e9 Kadjatou Doumbouya incarne la polyvalence et l\u2019excellence f\u00e9minine, \u00e0 la crois\u00e9e de la diplomatie d\u2019entreprise, de l\u2019engagement social et de la diversit\u00e9 culturelle. Ancienne \u00e9l\u00e8ve du prestigieux lyc\u00e9e Sainte-Marie de Conakry, elle se distingue tr\u00e8s t\u00f4t par ses brillantes capacit\u00e9s acad\u00e9miques, ce qui lui vaut l\u2019obtention d\u2019une bourse d\u2019\u00e9tudes pour l\u2019Universit\u00e9 Technique de Lvov, en Ukraine, o\u00f9 elle suit l\u2019ann\u00e9e pr\u00e9paratoire \u00e0 la facult\u00e9 des relations internationales.<\/p>\n<p>Son parcours universitaire prend un nouveau tournant lorsqu\u2019elle int\u00e8gre la Freie Universit\u00e4t de Berlin (Allemagne), o\u00f9 elle obtient un dipl\u00f4me en sciences politiques, au sein de la facult\u00e9 des Sciences Sociales et Politiques (Sozialwissenschaften).<br \/>\nAnim\u00e9e par un esprit entrepreneurial d\u00e8s ses ann\u00e9es d\u2019\u00e9tudes, elle fonde en parall\u00e8le BBC (Bijou\u2019s Best Choice), une marque sp\u00e9cialis\u00e9e dans le style vestimentaire et les accessoires hip-hop, qu\u2019elle importe des \u00c9tats-Unis et d\u2019Italie. Ce projet novateur rencontre un franc succ\u00e8s, allant jusqu\u2019\u00e0 employer une dizaine de jeunes Allemands, confirmant ainsi son sens du leadership et sa capacit\u00e9 \u00e0 cr\u00e9er de la valeur autour de sa passion pour la mode urbaine.<br \/>\nM\u00e8re de quatre enfants biologiques et d\u2019une dizaine d\u2019enfants adopt\u00e9s, elle parvient \u00e0 concilier responsabilit\u00e9s familiales et professionnelles, assurant l\u2019\u00e9ducation de tous ces enfants \u00e0 Berlin avec engagement et d\u00e9vouement.\u00a0\u00bb<\/p>\n<p><strong>Comp\u00e9tences linguistiques<\/strong><br \/>\nMadame Kant\u00e9 Kadjatou Doumbouya poss\u00e8de une ma\u00eetrise impressionnante de dix langues, qui lui permet d\u2019\u00e9voluer avec aisance dans divers milieux culturels et professionnels :<\/p>\n<p>Allemand<br \/>\nAnglais<br \/>\nFran\u00e7ais<br \/>\nRusse<br \/>\nMandarin<br \/>\nUkrainien<br \/>\nEspagnol<br \/>\nSoussou<br \/>\nPoular<\/p>\n<p>Malink\u00e9<\/p>\n<p>Femme de valeurs, de vision et de r\u00e9seaux, Madame Kant\u00e9 Kadjatou Doumbouya est aujourd\u2019hui une actrice incontournable du d\u00e9veloppement durable en Guin\u00e9e, alliant comp\u00e9tences manag\u00e9riales, exp\u00e9rience internationale et altruisme engag\u00e9.<\/p>\n<p><strong>Source\u00a0: letengue.com <\/strong><\/p>\n","protected":false},"excerpt":{"rendered":"<p>La 4\u1d49 \u00e9dition du Salon de l\u2019Entrepreneuriat F\u00e9minin de Guin\u00e9e (FEMINIA 2025) se tiendra le 9 mai 2025 dans un complexe h\u00f4telier de la place, ont annonc\u00e9 les organisateurs via leur page Facebook. Il regroupera une pl\u00e9thore de femmes dynamiques et engag\u00e9es issues de diff\u00e9rents secteurs d\u2019activit\u00e9s notamment, l\u2019administration publique, les entreprises publiques, priv\u00e9es, les [&hellip;]<\/p>\n","protected":false},"author":2,"featured_media":35569,"comment_status":"open","ping_status":"closed","sticky":false,"template":"","format":"standard","meta":{"buzzeditor_post_format":"","footnotes":""},"categories":[42],"tags":[],"class_list":["post-35568","post","type-post","status-publish","format-standard","has-post-thumbnail","hentry","category-news"],"jetpack_featured_media_url":"https:\/\/guineechrono.com\/wp-content\/uploads\/2025\/05\/kadii.jpg","amp_enabled":true,"_links":{"self":[{"href":"https:\/\/guineechrono.com\/index.php\/wp-json\/wp\/v2\/posts\/35568","targetHints":{"allow":["GET"]}}],"collection":[{"href":"https:\/\/guineechrono.com\/index.php\/wp-json\/wp\/v2\/posts"}],"about":[{"href":"https:\/\/guineechrono.com\/index.php\/wp-json\/wp\/v2\/types\/post"}],"author":[{"embeddable":true,"href":"https:\/\/guineechrono.com\/index.php\/wp-json\/wp\/v2\/users\/2"}],"replies":[{"embeddable":true,"href":"https:\/\/guineechrono.com\/index.php\/wp-json\/wp\/v2\/comments?post=35568"}],"version-history":[{"count":1,"href":"https:\/\/guineechrono.com\/index.php\/wp-json\/wp\/v2\/posts\/35568\/revisions"}],"predecessor-version":[{"id":35570,"href":"https:\/\/guineechrono.com\/index.php\/wp-json\/wp\/v2\/posts\/35568\/revisions\/35570"}],"wp:featuredmedia":[{"embeddable":true,"href":"https:\/\/guineechrono.com\/index.php\/wp-json\/wp\/v2\/media\/35569"}],"wp:attachment":[{"href":"https:\/\/guineechrono.com\/index.php\/wp-json\/wp\/v2\/media?parent=35568"}],"wp:term":[{"taxonomy":"category","embeddable":true,"href":"https:\/\/guineechrono.com\/index.php\/wp-json\/wp\/v2\/categories?post=35568"},{"taxonomy":"post_tag","embeddable":true,"href":"https:\/\/guineechrono.com\/index.php\/wp-json\/wp\/v2\/tags?post=35568"}],"curies":[{"name":"wp","href":"https:\/\/api.w.org\/{rel}","templated":true}]}}