{"id":35582,"date":"2025-05-09T10:25:16","date_gmt":"2025-05-09T09:25:16","guid":{"rendered":"https:\/\/guineechrono.com\/?p=35582"},"modified":"2025-05-09T10:25:16","modified_gmt":"2025-05-09T09:25:16","slug":"le-cardinal-americain-robert-francis-prevost-devient-leon-xiv","status":"publish","type":"post","link":"https:\/\/guineechrono.com\/index.php\/le-cardinal-americain-robert-francis-prevost-devient-leon-xiv\/","title":{"rendered":"Le cardinal am\u00e9ricain Robert Francis Prevost devient L\u00e9on XIV"},"content":{"rendered":"<p>\u00c0 l\u2019issue du deuxi\u00e8me jour du conclave, de la fum\u00e9e blanche s\u2019est \u00e9chapp\u00e9e de la chemin\u00e9e de la chapelle Sixtine jeudi 8 mai, signe que les cardinaux ont \u00e9lu un nouveau pape. Selon l\u2019annonce du protocardinal Dominique Mamberti, le cardinal am\u00e9ricain Robert Francis Prevost devient le pape L\u00e9on XIV, en succ\u00e9dant \u00e0 Fran\u00e7ois, d\u00e9c\u00e9d\u00e9 le 21 avril. Le nouveau pape devient le premier pontife issu des \u00c9tats-Unis.<\/p>\n<p><strong>17h24: Le nouveau pape, L\u00e9on XIV, appara\u00eet devant la foule assembl\u00e9e place Saint-Pierre<\/strong><\/p>\n<p>Apr\u00e8s son annonce, l\u2019Am\u00e9ricain Robert Prevost a salu\u00e9 la foule apr\u00e8s son annonce, d\u00e9sormais en tant que pape L\u00e9on XIV. La foule a clam\u00e9 \u00ab <em>vive le pape<\/em>\u00a0\u00bb.<\/p>\n<p><strong>17h15: Le cardinal am\u00e9ricain Robert Prevost est le nouveau pape, qui s\u2019appelle nom de L\u00e9on XIV<\/strong><\/p>\n<p>Le cardinal am\u00e9ricain Robert Francis Prevost, d\u2019origine italo-am\u00e9ricaine, est devenu le premier pape am\u00e9ricain. Selon le protocardinal fran\u00e7ais Dominique Mamberti, il prend le nom de L\u00e9on XIV.<\/p>\n<p>Natif de Chicago, ce proche collaborateur de Fran\u00e7ois, discret et r\u00e9serv\u00e9, a la r\u00e9putation au sein de la Curie, le gouvernement du Vatican, d\u2019\u00eatre un mod\u00e9r\u00e9 capable de concilier des points de vue divergents. Il a pass\u00e9 la majeure partie de sa carri\u00e8re comme missionnaire au P\u00e9rou avant de devenir cardinal en 2023. Il a donn\u00e9 peu d\u2019interviews aux m\u00e9dias et parle rarement en public. Le nouveau souverain pontife, 267\u00e8me pape de l\u2019\u00c9glise catholique, devant la foule rassembl\u00e9e sur la place Saint-Pierre.<\/p>\n<p>Si l\u2019on consid\u00e8re les deux conclaves pr\u00e9c\u00e9dents (2005 et 2013), le d\u00e9lai entre le signal de fum\u00e9e et le \u00ab <em>Habemus Papam<\/em>\u00a0\u00bb peut durer entre une et deux heures. Cet \u00e9cart \u00e9tait d\u2019une heure et 53 minutes en 2005, lorsque <strong>Beno\u00eet XVI<\/strong>\u00a0a \u00e9t\u00e9 \u00e9lu, et d\u2019une heure et 6 minutes en 2013, lorsque le <strong>pape Fran\u00e7ois<\/strong>\u00a0a \u00e9t\u00e9 choisi.<\/p>\n<p>Pour S\u00e9gol\u00e8ne, une fid\u00e8le rencontr\u00e9e place Saint-Pierre par <strong>Nicolas Rocca<\/strong>, notre envoy\u00e9 sp\u00e9ciale sur place, la premi\u00e8re chose \u00e0 laquelle elle pense suite \u00e0 l\u2019\u00e9lection du nouveau pape, \u00ab <em>c\u2019est cette \u00e9norme charge qui lui tombe sur les \u00e9paules <\/em>\u00bb, dit-elle.<\/p>\n<p>Suivre RFI<\/p>\n","protected":false},"excerpt":{"rendered":"<p>\u00c0 l\u2019issue du deuxi\u00e8me jour du conclave, de la fum\u00e9e blanche s\u2019est \u00e9chapp\u00e9e de la chemin\u00e9e de la chapelle Sixtine jeudi 8 mai, signe que les cardinaux ont \u00e9lu un nouveau pape. Selon l\u2019annonce du protocardinal Dominique Mamberti, le cardinal am\u00e9ricain Robert Francis Prevost devient le pape L\u00e9on XIV, en succ\u00e9dant \u00e0 Fran\u00e7ois, d\u00e9c\u00e9d\u00e9 le [&hellip;]<\/p>\n","protected":false},"author":2,"featured_media":35583,"comment_status":"open","ping_status":"closed","sticky":false,"template":"","format":"standard","meta":{"buzzeditor_post_format":"","footnotes":""},"categories":[47],"tags":[],"class_list":["post-35582","post","type-post","status-publish","format-standard","has-post-thumbnail","hentry","category-culture"],"jetpack_featured_media_url":"https:\/\/guineechrono.com\/wp-content\/uploads\/2025\/05\/papes.jpg","amp_enabled":true,"_links":{"self":[{"href":"https:\/\/guineechrono.com\/index.php\/wp-json\/wp\/v2\/posts\/35582","targetHints":{"allow":["GET"]}}],"collection":[{"href":"https:\/\/guineechrono.com\/index.php\/wp-json\/wp\/v2\/posts"}],"about":[{"href":"https:\/\/guineechrono.com\/index.php\/wp-json\/wp\/v2\/types\/post"}],"author":[{"embeddable":true,"href":"https:\/\/guineechrono.com\/index.php\/wp-json\/wp\/v2\/users\/2"}],"replies":[{"embeddable":true,"href":"https:\/\/guineechrono.com\/index.php\/wp-json\/wp\/v2\/comments?post=35582"}],"version-history":[{"count":1,"href":"https:\/\/guineechrono.com\/index.php\/wp-json\/wp\/v2\/posts\/35582\/revisions"}],"predecessor-version":[{"id":35584,"href":"https:\/\/guineechrono.com\/index.php\/wp-json\/wp\/v2\/posts\/35582\/revisions\/35584"}],"wp:featuredmedia":[{"embeddable":true,"href":"https:\/\/guineechrono.com\/index.php\/wp-json\/wp\/v2\/media\/35583"}],"wp:attachment":[{"href":"https:\/\/guineechrono.com\/index.php\/wp-json\/wp\/v2\/media?parent=35582"}],"wp:term":[{"taxonomy":"category","embeddable":true,"href":"https:\/\/guineechrono.com\/index.php\/wp-json\/wp\/v2\/categories?post=35582"},{"taxonomy":"post_tag","embeddable":true,"href":"https:\/\/guineechrono.com\/index.php\/wp-json\/wp\/v2\/tags?post=35582"}],"curies":[{"name":"wp","href":"https:\/\/api.w.org\/{rel}","templated":true}]}}