{"id":3563,"date":"2019-04-04T13:29:51","date_gmt":"2019-04-04T12:29:51","guid":{"rendered":"http:\/\/guineechrono.com\/?p=3563"},"modified":"2019-04-04T13:29:51","modified_gmt":"2019-04-04T12:29:51","slug":"la-naissance-du-fndc-amadou-damaro-camara-brise-le-silence","status":"publish","type":"post","link":"https:\/\/guineechrono.com\/index.php\/la-naissance-du-fndc-amadou-damaro-camara-brise-le-silence\/","title":{"rendered":"La naissance du FNDC : Amadou Damaro Camara brise le silence"},"content":{"rendered":"<p><strong>24 heures apr\u00e8s la naissance d\u2019un mouvement anti-troisi\u00e8me mandat, Front National pour la D\u00e9fense de la Constitution (FNDC), le parti au pouvoir a r\u00e9agie \u00e0 travers son d\u00e9put\u00e9 honorable \u00a0Amadou Damaro Camara, pr\u00e9sident du groupe parlementaire de la majorit\u00e9 pr\u00e9sidentielle. Il l\u2019a fait savoir dans l\u2019\u00e9mission les \u2018\u2019GG\u2019\u2019 de ce jeudi 4 avril 2019 chez nos confr\u00e8res d\u2019espace FM.<\/strong><em>\u00a0<\/em><\/p>\n<p>Pour lui, la naissance de ce nouveau mouvement marque <em>la preuve d\u2019une certaine vitalit\u00e9 d\u00e9mocratique en Guin\u00e9e. <\/em>\u00ab<em>\u00a0<\/em><em style=\"font-weight: inherit;\">C\u2019est normal que pour une position, qu\u2019il y ait des pour et des contre\u00a0\u00bb, a-t-il avou\u00e9.<\/em><\/p>\n<p>Selon lui, ce front National pour la D\u00e9fense de la Constitution \u00a0est compos\u00e9 des personnes qui ont aid\u00e9 au feu g\u00e9n\u00e9ral Lansana Cont\u00e9 \u00e0 modifier la constitution guin\u00e9enne \u00a0en 2003.<\/p>\n<p>Pour rappelle, ce mouvement anti-troisi\u00e8me mandat est constitu\u00e9 par des leaders politiques, des acteurs de la soci\u00e9t\u00e9 civile et des syndicalistes.<\/p>\n<p><strong>Sanoh<\/strong><\/p>\n","protected":false},"excerpt":{"rendered":"<p>24 heures apr\u00e8s la naissance d\u2019un mouvement anti-troisi\u00e8me mandat, Front National pour la D\u00e9fense de la Constitution (FNDC), le parti au pouvoir a r\u00e9agie \u00e0 travers son d\u00e9put\u00e9 honorable \u00a0Amadou Damaro Camara, pr\u00e9sident du groupe parlementaire de la majorit\u00e9 pr\u00e9sidentielle. Il l\u2019a fait savoir dans l\u2019\u00e9mission les \u2018\u2019GG\u2019\u2019 de ce jeudi 4 avril 2019 chez [&hellip;]<\/p>\n","protected":false},"author":2,"featured_media":3564,"comment_status":"open","ping_status":"closed","sticky":false,"template":"","format":"standard","meta":{"buzzeditor_post_format":"","footnotes":""},"categories":[1],"tags":[],"class_list":["post-3563","post","type-post","status-publish","format-standard","has-post-thumbnail","hentry","category-non-classe"],"jetpack_featured_media_url":"https:\/\/guineechrono.com\/wp-content\/uploads\/2019\/04\/damaro.jpg","amp_enabled":true,"_links":{"self":[{"href":"https:\/\/guineechrono.com\/index.php\/wp-json\/wp\/v2\/posts\/3563","targetHints":{"allow":["GET"]}}],"collection":[{"href":"https:\/\/guineechrono.com\/index.php\/wp-json\/wp\/v2\/posts"}],"about":[{"href":"https:\/\/guineechrono.com\/index.php\/wp-json\/wp\/v2\/types\/post"}],"author":[{"embeddable":true,"href":"https:\/\/guineechrono.com\/index.php\/wp-json\/wp\/v2\/users\/2"}],"replies":[{"embeddable":true,"href":"https:\/\/guineechrono.com\/index.php\/wp-json\/wp\/v2\/comments?post=3563"}],"version-history":[{"count":0,"href":"https:\/\/guineechrono.com\/index.php\/wp-json\/wp\/v2\/posts\/3563\/revisions"}],"wp:featuredmedia":[{"embeddable":true,"href":"https:\/\/guineechrono.com\/index.php\/wp-json\/wp\/v2\/media\/3564"}],"wp:attachment":[{"href":"https:\/\/guineechrono.com\/index.php\/wp-json\/wp\/v2\/media?parent=3563"}],"wp:term":[{"taxonomy":"category","embeddable":true,"href":"https:\/\/guineechrono.com\/index.php\/wp-json\/wp\/v2\/categories?post=3563"},{"taxonomy":"post_tag","embeddable":true,"href":"https:\/\/guineechrono.com\/index.php\/wp-json\/wp\/v2\/tags?post=3563"}],"curies":[{"name":"wp","href":"https:\/\/api.w.org\/{rel}","templated":true}]}}